{"id":1022,"date":"2015-01-30T10:23:43","date_gmt":"2015-01-30T10:23:43","guid":{"rendered":"https:\/\/arjolle.com\/?p=1022"},"modified":"2020-06-23T12:39:27","modified_gmt":"2020-06-23T12:39:27","slug":"mercredi-vins-11-fevrier","status":"publish","type":"post","link":"https:\/\/arjolle.com\/en\/mercredi-vins-11-fevrier\/","title":{"rendered":"Mercredi Vins &#8211; 11 f\u00e9vrier 2015"},"content":{"rendered":"<h2>Le Mercredi Vins du 11 f\u00e9vrier, au rythme de la Saint Valentin !<\/h2>\n<div id=\"attachment_896\" style=\"width: 222px\" class=\"wp-caption alignright\"><a href=\"https:\/\/arjolle.com\/wp-content\/uploads\/2014\/11\/MV-2014-A4.jpg\"><img loading=\"lazy\" decoding=\"async\" aria-describedby=\"caption-attachment-896\" class=\"wp-image-896 size-medium\" src=\"https:\/\/arjolle.com\/wp-content\/uploads\/2014\/11\/MV-2014-A4-212x300.jpg\" alt=\"Mercredi Vins - 11 f\u00e9vrier\" width=\"212\" height=\"300\" \/><\/a><p id=\"caption-attachment-896\" class=\"wp-caption-text\">Mercredi Vins &#8211; 11 f\u00e9vrier<\/p><\/div>\n<h3>Un mercredi tous les 2 mois, le chai de 900 barriques du Domaine de l\u2019Arjolle se transforme en un lieu o\u00f9 il fait bon vivre pour les Mercredi Vins.<\/h3>\n<p>Le Domaine de l\u2019Arjolle s\u2019allie au Chef de <a href=\"http:\/\/www.aubergedecombes.fr\/\">l\u2019Auberge de Combes<\/a> et vous propose une diversit\u00e9 d\u2019accords \u00ab mets &amp; vins \u00bb, rythm\u00e9s au go\u00fbt des produits de saison. Les vins, quant \u00e0 eux, sont choisis et comment\u00e9s par les Arjollains (vignerons du domaine).<\/p>\n<p>Cette soir\u00e9e de Mercredi Vins est tout en musique et sous le signe du partage et de la convivialit\u00e9.<\/p>\n<p>Rendez-vous au Mercredi Vins du 11 f\u00e9vrier 2015 \u00e0 partir de 19h30.<br \/>\n35\u20ac par personne \u2013 r\u00e9ponse avant le lundi\u00a09 f\u00e9vrier.<\/p>\n<p>R\u00e9servation obligatoire et confirm\u00e9e \u00e0 r\u00e9ception du r\u00e8glement au Domaine de l\u2019Arjolle. Possibilit\u00e9 de r\u00e9server en ligne sur www.arjolle.com.<\/p>\n<p>Repartez avec votre verre de d\u00e9gustation !<\/p>\n<p>Dans la limite des places disponibles.<\/p>\n<p>&gt; Domaine de l\u2019Arjolle, 04 67 24 81 18 \u2013 domaine@arjolle.com<br \/>\n7 bis rue Fournier 34480 Pouzolles \u2013 www.arjolle.com<\/p>\n<p>&gt; L\u2019Auberge de Combes &#8211; Le Village, 34240 Combes \u2013 www.aubergedecombes.com<\/p>\n<h2>\u00a0Nous vous informons que cette soir\u00e9e Mercredi Vins est compl\u00e8te ! Nous vous donnons RDV le Mercredi 1 avril 2015.<\/h2>\n","protected":false},"excerpt":{"rendered":"<p>Le Mercredi Vins du 11 f\u00e9vrier, au rythme de la Saint Valentin ! Un mercredi tous les 2 mois, le chai de 900 barriques du Domaine de l\u2019Arjolle se transforme en un lieu o\u00f9 il fait bon vivre pour les Mercredi Vins. Le Domaine de l\u2019Arjolle s\u2019allie au Chef de l\u2019Auberge de Combes et vous [&hellip;]<\/p>\n","protected":false},"author":3,"featured_media":898,"comment_status":"open","ping_status":"open","sticky":false,"template":"","format":"standard","meta":{"footnotes":""},"categories":[5],"tags":[15,23,22,142,141,140,143,87,8],"class_list":["post-1022","post","type-post","status-publish","format-standard","has-post-thumbnail","hentry","category-evenements-fr","tag-arjolle","tag-auberge-de-combes","tag-combes","tag-convivial","tag-evenement","tag-mercredi-vins","tag-musique","tag-soiree","tag-vin"],"yoast_head":"<!-- This site is optimized with the Yoast SEO plugin v27.1.1 - https:\/\/yoast.com\/product\/yoast-seo-wordpress\/ -->\n<title>Mercredi Vins - 11 f\u00e9vrier 2015 - Domaine de l&#039;Arjolle - Caveau de d\u00e9gustation &amp; vente en ligne<\/title>\n<meta name=\"description\" content=\"Un mercredi tous les 2 mois, le chai de 900 barriques du Domaine de l\u2019Arjolle se transforme en un lieu o\u00f9 il fait bon vivre pour les Mercredi Vins.\" \/>\n<meta name=\"robots\" content=\"index, follow, max-snippet:-1, max-image-preview:large, max-video-preview:-1\" \/>\n<link rel=\"canonical\" href=\"https:\/\/arjolle.com\/en\/mercredi-vins-11-fevrier\/\" \/>\n<meta property=\"og:locale\" content=\"en_US\" \/>\n<meta property=\"og:type\" content=\"article\" \/>\n<meta property=\"og:title\" content=\"Mercredi Vins - 11 f\u00e9vrier 2015 - Domaine de l&#039;Arjolle - Caveau de d\u00e9gustation &amp; vente en ligne\" \/>\n<meta property=\"og:description\" content=\"Un mercredi tous les 2 mois, le chai de 900 barriques du Domaine de l\u2019Arjolle se transforme en un lieu o\u00f9 il fait bon vivre pour les Mercredi Vins.\" \/>\n<meta property=\"og:url\" content=\"https:\/\/arjolle.com\/en\/mercredi-vins-11-fevrier\/\" \/>\n<meta property=\"og:site_name\" content=\"Domaine de l&#039;Arjolle - Caveau de d\u00e9gustation &amp; vente en ligne\" \/>\n<meta property=\"article:publisher\" content=\"https:\/\/www.facebook.com\/domainede.larjolle\/\" \/>\n<meta property=\"article:author\" content=\"https:\/\/www.facebook.com\/arjolle\" \/>\n<meta property=\"article:published_time\" content=\"2015-01-30T10:23:43+00:00\" \/>\n<meta property=\"article:modified_time\" content=\"2020-06-23T12:39:27+00:00\" \/>\n<meta property=\"og:image\" content=\"https:\/\/arjolle.com\/wp-content\/uploads\/2014\/11\/VIGNETTE-SITE.jpg\" \/>\n\t<meta property=\"og:image:width\" content=\"300\" \/>\n\t<meta property=\"og:image:height\" content=\"300\" \/>\n\t<meta property=\"og:image:type\" content=\"image\/jpeg\" \/>\n<meta name=\"author\" content=\"Quentin Charlot\" \/>\n<meta name=\"twitter:label1\" content=\"Written by\" \/>\n\t<meta name=\"twitter:data1\" content=\"Quentin Charlot\" \/>\n\t<meta name=\"twitter:label2\" content=\"Est. reading time\" \/>\n\t<meta name=\"twitter:data2\" content=\"1 minute\" \/>\n<script type=\"application\/ld+json\" class=\"yoast-schema-graph\">{\"@context\":\"https:\/\/schema.org\",\"@graph\":[{\"@type\":\"Article\",\"@id\":\"https:\/\/arjolle.com\/en\/mercredi-vins-11-fevrier\/#article\",\"isPartOf\":{\"@id\":\"https:\/\/arjolle.com\/en\/mercredi-vins-11-fevrier\/\"},\"author\":{\"name\":\"Quentin Charlot\",\"@id\":\"https:\/\/arjolle.com\/en\/#\/schema\/person\/1cbe5cf95d6d8472ef44c33b6b3bf126\"},\"headline\":\"Mercredi Vins &#8211; 11 f\u00e9vrier 2015\",\"datePublished\":\"2015-01-30T10:23:43+00:00\",\"dateModified\":\"2020-06-23T12:39:27+00:00\",\"mainEntityOfPage\":{\"@id\":\"https:\/\/arjolle.com\/en\/mercredi-vins-11-fevrier\/\"},\"wordCount\":229,\"commentCount\":0,\"publisher\":{\"@id\":\"https:\/\/arjolle.com\/en\/#organization\"},\"image\":{\"@id\":\"https:\/\/arjolle.com\/en\/mercredi-vins-11-fevrier\/#primaryimage\"},\"thumbnailUrl\":\"https:\/\/arjolle.com\/wp-content\/uploads\/2014\/11\/VIGNETTE-SITE.jpg\",\"keywords\":[\"arjolle\",\"auberge de combes\",\"combes\",\"convivial\",\"\u00e9v\u00e8nement\",\"mercredi vins\",\"musique\",\"soir\u00e9e\",\"vin\"],\"articleSection\":[\"Les \u00e9v\u00e8nements\"],\"inLanguage\":\"en-US\",\"potentialAction\":[{\"@type\":\"CommentAction\",\"name\":\"Comment\",\"target\":[\"https:\/\/arjolle.com\/en\/mercredi-vins-11-fevrier\/#respond\"]}]},{\"@type\":\"WebPage\",\"@id\":\"https:\/\/arjolle.com\/en\/mercredi-vins-11-fevrier\/\",\"url\":\"https:\/\/arjolle.com\/en\/mercredi-vins-11-fevrier\/\",\"name\":\"Mercredi Vins - 11 f\u00e9vrier 2015 - Domaine de l&#039;Arjolle - Caveau de d\u00e9gustation &amp; vente en ligne\",\"isPartOf\":{\"@id\":\"https:\/\/arjolle.com\/en\/#website\"},\"primaryImageOfPage\":{\"@id\":\"https:\/\/arjolle.com\/en\/mercredi-vins-11-fevrier\/#primaryimage\"},\"image\":{\"@id\":\"https:\/\/arjolle.com\/en\/mercredi-vins-11-fevrier\/#primaryimage\"},\"thumbnailUrl\":\"https:\/\/arjolle.com\/wp-content\/uploads\/2014\/11\/VIGNETTE-SITE.jpg\",\"datePublished\":\"2015-01-30T10:23:43+00:00\",\"dateModified\":\"2020-06-23T12:39:27+00:00\",\"description\":\"Un mercredi tous les 2 mois, le chai de 900 barriques du Domaine de l\u2019Arjolle se transforme en un lieu o\u00f9 il fait bon vivre pour les Mercredi Vins.\",\"breadcrumb\":{\"@id\":\"https:\/\/arjolle.com\/en\/mercredi-vins-11-fevrier\/#breadcrumb\"},\"inLanguage\":\"en-US\",\"potentialAction\":[{\"@type\":\"ReadAction\",\"target\":[\"https:\/\/arjolle.com\/en\/mercredi-vins-11-fevrier\/\"]}]},{\"@type\":\"ImageObject\",\"inLanguage\":\"en-US\",\"@id\":\"https:\/\/arjolle.com\/en\/mercredi-vins-11-fevrier\/#primaryimage\",\"url\":\"https:\/\/arjolle.com\/wp-content\/uploads\/2014\/11\/VIGNETTE-SITE.jpg\",\"contentUrl\":\"https:\/\/arjolle.com\/wp-content\/uploads\/2014\/11\/VIGNETTE-SITE.jpg\",\"width\":300,\"height\":300,\"caption\":\"Mercredi Vins - 27 mai\"},{\"@type\":\"BreadcrumbList\",\"@id\":\"https:\/\/arjolle.com\/en\/mercredi-vins-11-fevrier\/#breadcrumb\",\"itemListElement\":[{\"@type\":\"ListItem\",\"position\":1,\"name\":\"Home\",\"item\":\"https:\/\/arjolle.com\/en\/\"},{\"@type\":\"ListItem\",\"position\":2,\"name\":\"Mercredi Vins &#8211; 11 f\u00e9vrier 2015\"}]},{\"@type\":\"WebSite\",\"@id\":\"https:\/\/arjolle.com\/en\/#website\",\"url\":\"https:\/\/arjolle.com\/en\/\",\"name\":\"Domaine de l'Arjolle - Caveau de d\u00e9gustation & vente en ligne\",\"description\":\"Le Domaine de l\u2019Arjolle est un pionnier en Languedoc en plantant des c\u00e9pages atypique.\",\"publisher\":{\"@id\":\"https:\/\/arjolle.com\/en\/#organization\"},\"potentialAction\":[{\"@type\":\"SearchAction\",\"target\":{\"@type\":\"EntryPoint\",\"urlTemplate\":\"https:\/\/arjolle.com\/en\/?s={search_term_string}\"},\"query-input\":{\"@type\":\"PropertyValueSpecification\",\"valueRequired\":true,\"valueName\":\"search_term_string\"}}],\"inLanguage\":\"en-US\"},{\"@type\":\"Organization\",\"@id\":\"https:\/\/arjolle.com\/en\/#organization\",\"name\":\"Domaine de l'Arjolle\",\"url\":\"https:\/\/arjolle.com\/en\/\",\"logo\":{\"@type\":\"ImageObject\",\"inLanguage\":\"en-US\",\"@id\":\"https:\/\/arjolle.com\/en\/#\/schema\/logo\/image\/\",\"url\":\"https:\/\/arjolle.com\/wp-content\/uploads\/2025\/11\/logo-domaine-arjolle-1-1.jpg\",\"contentUrl\":\"https:\/\/arjolle.com\/wp-content\/uploads\/2025\/11\/logo-domaine-arjolle-1-1.jpg\",\"width\":512,\"height\":512,\"caption\":\"Domaine de l'Arjolle\"},\"image\":{\"@id\":\"https:\/\/arjolle.com\/en\/#\/schema\/logo\/image\/\"},\"sameAs\":[\"https:\/\/www.facebook.com\/domainede.larjolle\/\",\"https:\/\/www.instagram.com\/domaine_arjolle\/\"]},{\"@type\":\"Person\",\"@id\":\"https:\/\/arjolle.com\/en\/#\/schema\/person\/1cbe5cf95d6d8472ef44c33b6b3bf126\",\"name\":\"Quentin Charlot\",\"image\":{\"@type\":\"ImageObject\",\"inLanguage\":\"en-US\",\"@id\":\"https:\/\/arjolle.com\/en\/#\/schema\/person\/image\/\",\"url\":\"https:\/\/secure.gravatar.com\/avatar\/b001a52e60e4b3a3900be61996bc8f74b5e68d3bc73657359176a67a32a190c7?s=96&d=mm&r=g\",\"contentUrl\":\"https:\/\/secure.gravatar.com\/avatar\/b001a52e60e4b3a3900be61996bc8f74b5e68d3bc73657359176a67a32a190c7?s=96&d=mm&r=g\",\"caption\":\"Quentin Charlot\"},\"sameAs\":[\"https:\/\/arjolle.com\/\",\"https:\/\/www.facebook.com\/arjolle\",\"https:\/\/x.com\/Arjolle\"],\"url\":\"https:\/\/arjolle.com\/en\/author\/juliette\/\"}]}<\/script>\n<!-- \/ Yoast SEO plugin. -->","yoast_head_json":{"title":"Mercredi Vins - 11 f\u00e9vrier 2015 - Domaine de l&#039;Arjolle - Caveau de d\u00e9gustation &amp; vente en ligne","description":"Un mercredi tous les 2 mois, le chai de 900 barriques du Domaine de l\u2019Arjolle se transforme en un lieu o\u00f9 il fait bon vivre pour les Mercredi Vins.","robots":{"index":"index","follow":"follow","max-snippet":"max-snippet:-1","max-image-preview":"max-image-preview:large","max-video-preview":"max-video-preview:-1"},"canonical":"https:\/\/arjolle.com\/en\/mercredi-vins-11-fevrier\/","og_locale":"en_US","og_type":"article","og_title":"Mercredi Vins - 11 f\u00e9vrier 2015 - Domaine de l&#039;Arjolle - Caveau de d\u00e9gustation &amp; vente en ligne","og_description":"Un mercredi tous les 2 mois, le chai de 900 barriques du Domaine de l\u2019Arjolle se transforme en un lieu o\u00f9 il fait bon vivre pour les Mercredi Vins.","og_url":"https:\/\/arjolle.com\/en\/mercredi-vins-11-fevrier\/","og_site_name":"Domaine de l&#039;Arjolle - Caveau de d\u00e9gustation &amp; vente en ligne","article_publisher":"https:\/\/www.facebook.com\/domainede.larjolle\/","article_author":"https:\/\/www.facebook.com\/arjolle","article_published_time":"2015-01-30T10:23:43+00:00","article_modified_time":"2020-06-23T12:39:27+00:00","og_image":[{"width":300,"height":300,"url":"https:\/\/arjolle.com\/wp-content\/uploads\/2014\/11\/VIGNETTE-SITE.jpg","type":"image\/jpeg"}],"author":"Quentin Charlot","twitter_misc":{"Written by":"Quentin Charlot","Est. reading time":"1 minute"},"schema":{"@context":"https:\/\/schema.org","@graph":[{"@type":"Article","@id":"https:\/\/arjolle.com\/en\/mercredi-vins-11-fevrier\/#article","isPartOf":{"@id":"https:\/\/arjolle.com\/en\/mercredi-vins-11-fevrier\/"},"author":{"name":"Quentin Charlot","@id":"https:\/\/arjolle.com\/en\/#\/schema\/person\/1cbe5cf95d6d8472ef44c33b6b3bf126"},"headline":"Mercredi Vins &#8211; 11 f\u00e9vrier 2015","datePublished":"2015-01-30T10:23:43+00:00","dateModified":"2020-06-23T12:39:27+00:00","mainEntityOfPage":{"@id":"https:\/\/arjolle.com\/en\/mercredi-vins-11-fevrier\/"},"wordCount":229,"commentCount":0,"publisher":{"@id":"https:\/\/arjolle.com\/en\/#organization"},"image":{"@id":"https:\/\/arjolle.com\/en\/mercredi-vins-11-fevrier\/#primaryimage"},"thumbnailUrl":"https:\/\/arjolle.com\/wp-content\/uploads\/2014\/11\/VIGNETTE-SITE.jpg","keywords":["arjolle","auberge de combes","combes","convivial","\u00e9v\u00e8nement","mercredi vins","musique","soir\u00e9e","vin"],"articleSection":["Les \u00e9v\u00e8nements"],"inLanguage":"en-US","potentialAction":[{"@type":"CommentAction","name":"Comment","target":["https:\/\/arjolle.com\/en\/mercredi-vins-11-fevrier\/#respond"]}]},{"@type":"WebPage","@id":"https:\/\/arjolle.com\/en\/mercredi-vins-11-fevrier\/","url":"https:\/\/arjolle.com\/en\/mercredi-vins-11-fevrier\/","name":"Mercredi Vins - 11 f\u00e9vrier 2015 - Domaine de l&#039;Arjolle - Caveau de d\u00e9gustation &amp; vente en ligne","isPartOf":{"@id":"https:\/\/arjolle.com\/en\/#website"},"primaryImageOfPage":{"@id":"https:\/\/arjolle.com\/en\/mercredi-vins-11-fevrier\/#primaryimage"},"image":{"@id":"https:\/\/arjolle.com\/en\/mercredi-vins-11-fevrier\/#primaryimage"},"thumbnailUrl":"https:\/\/arjolle.com\/wp-content\/uploads\/2014\/11\/VIGNETTE-SITE.jpg","datePublished":"2015-01-30T10:23:43+00:00","dateModified":"2020-06-23T12:39:27+00:00","description":"Un mercredi tous les 2 mois, le chai de 900 barriques du Domaine de l\u2019Arjolle se transforme en un lieu o\u00f9 il fait bon vivre pour les Mercredi Vins.","breadcrumb":{"@id":"https:\/\/arjolle.com\/en\/mercredi-vins-11-fevrier\/#breadcrumb"},"inLanguage":"en-US","potentialAction":[{"@type":"ReadAction","target":["https:\/\/arjolle.com\/en\/mercredi-vins-11-fevrier\/"]}]},{"@type":"ImageObject","inLanguage":"en-US","@id":"https:\/\/arjolle.com\/en\/mercredi-vins-11-fevrier\/#primaryimage","url":"https:\/\/arjolle.com\/wp-content\/uploads\/2014\/11\/VIGNETTE-SITE.jpg","contentUrl":"https:\/\/arjolle.com\/wp-content\/uploads\/2014\/11\/VIGNETTE-SITE.jpg","width":300,"height":300,"caption":"Mercredi Vins - 27 mai"},{"@type":"BreadcrumbList","@id":"https:\/\/arjolle.com\/en\/mercredi-vins-11-fevrier\/#breadcrumb","itemListElement":[{"@type":"ListItem","position":1,"name":"Home","item":"https:\/\/arjolle.com\/en\/"},{"@type":"ListItem","position":2,"name":"Mercredi Vins &#8211; 11 f\u00e9vrier 2015"}]},{"@type":"WebSite","@id":"https:\/\/arjolle.com\/en\/#website","url":"https:\/\/arjolle.com\/en\/","name":"Domaine de l'Arjolle - Caveau de d\u00e9gustation & vente en ligne","description":"Le Domaine de l\u2019Arjolle est un pionnier en Languedoc en plantant des c\u00e9pages atypique.","publisher":{"@id":"https:\/\/arjolle.com\/en\/#organization"},"potentialAction":[{"@type":"SearchAction","target":{"@type":"EntryPoint","urlTemplate":"https:\/\/arjolle.com\/en\/?s={search_term_string}"},"query-input":{"@type":"PropertyValueSpecification","valueRequired":true,"valueName":"search_term_string"}}],"inLanguage":"en-US"},{"@type":"Organization","@id":"https:\/\/arjolle.com\/en\/#organization","name":"Domaine de l'Arjolle","url":"https:\/\/arjolle.com\/en\/","logo":{"@type":"ImageObject","inLanguage":"en-US","@id":"https:\/\/arjolle.com\/en\/#\/schema\/logo\/image\/","url":"https:\/\/arjolle.com\/wp-content\/uploads\/2025\/11\/logo-domaine-arjolle-1-1.jpg","contentUrl":"https:\/\/arjolle.com\/wp-content\/uploads\/2025\/11\/logo-domaine-arjolle-1-1.jpg","width":512,"height":512,"caption":"Domaine de l'Arjolle"},"image":{"@id":"https:\/\/arjolle.com\/en\/#\/schema\/logo\/image\/"},"sameAs":["https:\/\/www.facebook.com\/domainede.larjolle\/","https:\/\/www.instagram.com\/domaine_arjolle\/"]},{"@type":"Person","@id":"https:\/\/arjolle.com\/en\/#\/schema\/person\/1cbe5cf95d6d8472ef44c33b6b3bf126","name":"Quentin Charlot","image":{"@type":"ImageObject","inLanguage":"en-US","@id":"https:\/\/arjolle.com\/en\/#\/schema\/person\/image\/","url":"https:\/\/secure.gravatar.com\/avatar\/b001a52e60e4b3a3900be61996bc8f74b5e68d3bc73657359176a67a32a190c7?s=96&d=mm&r=g","contentUrl":"https:\/\/secure.gravatar.com\/avatar\/b001a52e60e4b3a3900be61996bc8f74b5e68d3bc73657359176a67a32a190c7?s=96&d=mm&r=g","caption":"Quentin Charlot"},"sameAs":["https:\/\/arjolle.com\/","https:\/\/www.facebook.com\/arjolle","https:\/\/x.com\/Arjolle"],"url":"https:\/\/arjolle.com\/en\/author\/juliette\/"}]}},"_links":{"self":[{"href":"https:\/\/arjolle.com\/en\/wp-json\/wp\/v2\/posts\/1022","targetHints":{"allow":["GET"]}}],"collection":[{"href":"https:\/\/arjolle.com\/en\/wp-json\/wp\/v2\/posts"}],"about":[{"href":"https:\/\/arjolle.com\/en\/wp-json\/wp\/v2\/types\/post"}],"author":[{"embeddable":true,"href":"https:\/\/arjolle.com\/en\/wp-json\/wp\/v2\/users\/3"}],"replies":[{"embeddable":true,"href":"https:\/\/arjolle.com\/en\/wp-json\/wp\/v2\/comments?post=1022"}],"version-history":[{"count":8,"href":"https:\/\/arjolle.com\/en\/wp-json\/wp\/v2\/posts\/1022\/revisions"}],"predecessor-version":[{"id":5140,"href":"https:\/\/arjolle.com\/en\/wp-json\/wp\/v2\/posts\/1022\/revisions\/5140"}],"wp:featuredmedia":[{"embeddable":true,"href":"https:\/\/arjolle.com\/en\/wp-json\/wp\/v2\/media\/898"}],"wp:attachment":[{"href":"https:\/\/arjolle.com\/en\/wp-json\/wp\/v2\/media?parent=1022"}],"wp:term":[{"taxonomy":"category","embeddable":true,"href":"https:\/\/arjolle.com\/en\/wp-json\/wp\/v2\/categories?post=1022"},{"taxonomy":"post_tag","embeddable":true,"href":"https:\/\/arjolle.com\/en\/wp-json\/wp\/v2\/tags?post=1022"}],"curies":[{"name":"wp","href":"https:\/\/api.w.org\/{rel}","templated":true}]}}