{"id":1193,"date":"2015-05-22T14:01:48","date_gmt":"2015-05-22T14:01:48","guid":{"rendered":"https:\/\/arjolle.com\/?p=1193"},"modified":"2015-05-22T14:02:26","modified_gmt":"2015-05-22T14:02:26","slug":"balade-gourmande-une-annee-de-pause","status":"publish","type":"post","link":"https:\/\/arjolle.com\/en\/balade-gourmande-une-annee-de-pause\/","title":{"rendered":"Balade Gourmande : une ann\u00e9e de pause"},"content":{"rendered":"<h3>La Balade Gourmande du Ch\u00e2teau de Margon marque une pause pour cette ann\u00e9e 2015.<\/h3>\n<div id=\"attachment_1194\" style=\"width: 310px\" class=\"wp-caption alignright\"><a href=\"https:\/\/arjolle.com\/wp-content\/uploads\/2015\/05\/MV-26-06-2015-A4-1.@.jpg\"><img loading=\"lazy\" decoding=\"async\" aria-describedby=\"caption-attachment-1194\" class=\"wp-image-1194 size-full\" src=\"https:\/\/arjolle.com\/wp-content\/uploads\/2015\/05\/MV-26-06-2015-A4-1.@.jpg\" alt=\"Mercredi Vins - 26 juin 2015\" width=\"300\" height=\"424\" \/><\/a><p id=\"caption-attachment-1194\" class=\"wp-caption-text\">Mercredi Vins &#8211; 26 juin 2015<\/p><\/div>\n<p>Comme certains le savent d\u00e9j\u00e0, nous avons d\u00e9cid\u00e9 de retravailler notre concept de Balade Gourmande et celle du Ch\u00e2teau de Margon en Juin 2015 n\u2019aura pas lieu.<\/p>\n<p>Cette ann\u00e9e de pause permettra de nous concentrer sur l&#8217;\u00e9laboration d&#8217;un \u00e9v\u00e9nement innovant pour 2016, et d\u2019y apporter un nouveau regard !<\/p>\n<p>Cependant, pour \u00ab\u00a0entretenir votre flamme\u00a0\u00bb, nous vous proposons une nouvelle date autour de notre Mercredi Vins, le vendredi 26 juin\u00a0: en ext\u00e9rieur au c\u0153ur de l\u2019Arjolle. C\u2019est un vendredi mais cette veille de weekend sera la bienvenue pour appr\u00e9cier cette longue soir\u00e9e d\u2019\u00e9t\u00e9.<\/p>\n<p>Comme toujours lors de ces soir\u00e9es, nous vous ferons d\u00e9guster 8 vins de l\u2019Arjolle en les associant \u00e0 la cuisine du chef Cl\u00e9ment Bonano de<a href=\"%20http:\/\/www.aubergedecombes.fr\/ \"> l\u2019Auberge de Combes <\/a>et en les accompagnant d\u2019une ambiance musicale.<\/p>\n<p>Pour d\u00e9couvrir et\/ou vous inscrire \u00e0 ces Mercredi Vins, merci de cliquer <a href=\"https:\/\/arjolle.com\/boutique\/mercredi-vins\/31-mercredis-vins-gastronomie-degustation-arjolle.html#\/seance_ne_pas_supprimer_ou_modifier-le_01_04_2015_a_07h30_domaine_de_l_arjolle_34480_pouzolles\">ici<\/a>.<\/p>\n<p>Dans la joie de vous retrouver au Domaine de l\u2019Arjolle !<\/p>\n<p>&nbsp;<\/p>\n<p>&nbsp;<\/p>\n","protected":false},"excerpt":{"rendered":"<p>La Balade Gourmande du Ch\u00e2teau de Margon marque une pause pour cette ann\u00e9e 2015. Comme certains le savent d\u00e9j\u00e0, nous avons d\u00e9cid\u00e9 de retravailler notre concept de Balade Gourmande et celle du Ch\u00e2teau de Margon en Juin 2015 n\u2019aura pas lieu. Cette ann\u00e9e de pause permettra de nous concentrer sur l&#8217;\u00e9laboration d&#8217;un \u00e9v\u00e9nement innovant pour [&hellip;]<\/p>\n","protected":false},"author":3,"featured_media":0,"comment_status":"open","ping_status":"open","sticky":false,"template":"","format":"standard","meta":{"footnotes":""},"categories":[5],"tags":[15,173,16,141,174,140,87,92,8],"class_list":["post-1193","post","type-post","status-publish","format-standard","hentry","category-evenements-fr","tag-arjolle","tag-balade-gourmande","tag-domaine-de-larjolle","tag-evenement","tag-margon","tag-mercredi-vins","tag-soiree","tag-tapas","tag-vin"],"yoast_head":"<!-- This site is optimized with the Yoast SEO plugin v27.1.1 - https:\/\/yoast.com\/product\/yoast-seo-wordpress\/ -->\n<title>Balade Gourmande : une ann\u00e9e de pause - Domaine de l&#039;Arjolle - Caveau de d\u00e9gustation &amp; vente en ligne<\/title>\n<meta name=\"description\" content=\"La Balade Gourmande marque une pause cette ann\u00e9e 2015. Le prochain Mercredi Vins aura lieu le vendredi 26 juin au coeur de l&#039;Arjolle.\" \/>\n<meta name=\"robots\" content=\"index, follow, max-snippet:-1, max-image-preview:large, max-video-preview:-1\" \/>\n<link rel=\"canonical\" href=\"https:\/\/arjolle.com\/en\/balade-gourmande-une-annee-de-pause\/\" \/>\n<meta property=\"og:locale\" content=\"en_US\" \/>\n<meta property=\"og:type\" content=\"article\" \/>\n<meta property=\"og:title\" content=\"Balade Gourmande : une ann\u00e9e de pause - Domaine de l&#039;Arjolle - Caveau de d\u00e9gustation &amp; vente en ligne\" \/>\n<meta property=\"og:description\" content=\"La Balade Gourmande marque une pause cette ann\u00e9e 2015. Le prochain Mercredi Vins aura lieu le vendredi 26 juin au coeur de l&#039;Arjolle.\" \/>\n<meta property=\"og:url\" content=\"https:\/\/arjolle.com\/en\/balade-gourmande-une-annee-de-pause\/\" \/>\n<meta property=\"og:site_name\" content=\"Domaine de l&#039;Arjolle - Caveau de d\u00e9gustation &amp; vente en ligne\" \/>\n<meta property=\"article:publisher\" content=\"https:\/\/www.facebook.com\/domainede.larjolle\/\" \/>\n<meta property=\"article:author\" content=\"https:\/\/www.facebook.com\/arjolle\" \/>\n<meta property=\"article:published_time\" content=\"2015-05-22T14:01:48+00:00\" \/>\n<meta property=\"article:modified_time\" content=\"2015-05-22T14:02:26+00:00\" \/>\n<meta property=\"og:image\" content=\"https:\/\/arjolle.com\/wp-content\/uploads\/2015\/05\/MV-26-06-2015-A4-1.@.jpg\" \/>\n<meta name=\"author\" content=\"Quentin Charlot\" \/>\n<meta name=\"twitter:label1\" content=\"Written by\" \/>\n\t<meta name=\"twitter:data1\" content=\"Quentin Charlot\" \/>\n\t<meta name=\"twitter:label2\" content=\"Est. reading time\" \/>\n\t<meta name=\"twitter:data2\" content=\"1 minute\" \/>\n<script type=\"application\/ld+json\" class=\"yoast-schema-graph\">{\"@context\":\"https:\/\/schema.org\",\"@graph\":[{\"@type\":\"Article\",\"@id\":\"https:\/\/arjolle.com\/en\/balade-gourmande-une-annee-de-pause\/#article\",\"isPartOf\":{\"@id\":\"https:\/\/arjolle.com\/en\/balade-gourmande-une-annee-de-pause\/\"},\"author\":{\"name\":\"Quentin Charlot\",\"@id\":\"https:\/\/arjolle.com\/en\/#\/schema\/person\/1cbe5cf95d6d8472ef44c33b6b3bf126\"},\"headline\":\"Balade Gourmande : une ann\u00e9e de pause\",\"datePublished\":\"2015-05-22T14:01:48+00:00\",\"dateModified\":\"2015-05-22T14:02:26+00:00\",\"mainEntityOfPage\":{\"@id\":\"https:\/\/arjolle.com\/en\/balade-gourmande-une-annee-de-pause\/\"},\"wordCount\":203,\"commentCount\":0,\"publisher\":{\"@id\":\"https:\/\/arjolle.com\/en\/#organization\"},\"image\":{\"@id\":\"https:\/\/arjolle.com\/en\/balade-gourmande-une-annee-de-pause\/#primaryimage\"},\"thumbnailUrl\":\"https:\/\/arjolle.com\/wp-content\/uploads\/2015\/05\/MV-26-06-2015-A4-1.@.jpg\",\"keywords\":[\"arjolle\",\"balade gourmande\",\"domaine de l'arjolle\",\"\u00e9v\u00e8nement\",\"margon\",\"mercredi vins\",\"soir\u00e9e\",\"tapas\",\"vin\"],\"articleSection\":[\"Les \u00e9v\u00e8nements\"],\"inLanguage\":\"en-US\",\"potentialAction\":[{\"@type\":\"CommentAction\",\"name\":\"Comment\",\"target\":[\"https:\/\/arjolle.com\/en\/balade-gourmande-une-annee-de-pause\/#respond\"]}]},{\"@type\":\"WebPage\",\"@id\":\"https:\/\/arjolle.com\/en\/balade-gourmande-une-annee-de-pause\/\",\"url\":\"https:\/\/arjolle.com\/en\/balade-gourmande-une-annee-de-pause\/\",\"name\":\"Balade Gourmande : une ann\u00e9e de pause - Domaine de l&#039;Arjolle - Caveau de d\u00e9gustation &amp; vente en ligne\",\"isPartOf\":{\"@id\":\"https:\/\/arjolle.com\/en\/#website\"},\"primaryImageOfPage\":{\"@id\":\"https:\/\/arjolle.com\/en\/balade-gourmande-une-annee-de-pause\/#primaryimage\"},\"image\":{\"@id\":\"https:\/\/arjolle.com\/en\/balade-gourmande-une-annee-de-pause\/#primaryimage\"},\"thumbnailUrl\":\"https:\/\/arjolle.com\/wp-content\/uploads\/2015\/05\/MV-26-06-2015-A4-1.@.jpg\",\"datePublished\":\"2015-05-22T14:01:48+00:00\",\"dateModified\":\"2015-05-22T14:02:26+00:00\",\"description\":\"La Balade Gourmande marque une pause cette ann\u00e9e 2015. Le prochain Mercredi Vins aura lieu le vendredi 26 juin au coeur de l'Arjolle.\",\"breadcrumb\":{\"@id\":\"https:\/\/arjolle.com\/en\/balade-gourmande-une-annee-de-pause\/#breadcrumb\"},\"inLanguage\":\"en-US\",\"potentialAction\":[{\"@type\":\"ReadAction\",\"target\":[\"https:\/\/arjolle.com\/en\/balade-gourmande-une-annee-de-pause\/\"]}]},{\"@type\":\"ImageObject\",\"inLanguage\":\"en-US\",\"@id\":\"https:\/\/arjolle.com\/en\/balade-gourmande-une-annee-de-pause\/#primaryimage\",\"url\":\"https:\/\/arjolle.com\/wp-content\/uploads\/2015\/05\/MV-26-06-2015-A4-1.@.jpg\",\"contentUrl\":\"https:\/\/arjolle.com\/wp-content\/uploads\/2015\/05\/MV-26-06-2015-A4-1.@.jpg\"},{\"@type\":\"BreadcrumbList\",\"@id\":\"https:\/\/arjolle.com\/en\/balade-gourmande-une-annee-de-pause\/#breadcrumb\",\"itemListElement\":[{\"@type\":\"ListItem\",\"position\":1,\"name\":\"Home\",\"item\":\"https:\/\/arjolle.com\/en\/\"},{\"@type\":\"ListItem\",\"position\":2,\"name\":\"Balade Gourmande : une ann\u00e9e de pause\"}]},{\"@type\":\"WebSite\",\"@id\":\"https:\/\/arjolle.com\/en\/#website\",\"url\":\"https:\/\/arjolle.com\/en\/\",\"name\":\"Domaine de l'Arjolle - Caveau de d\u00e9gustation & vente en ligne\",\"description\":\"Le Domaine de l\u2019Arjolle est un pionnier en Languedoc en plantant des c\u00e9pages atypique.\",\"publisher\":{\"@id\":\"https:\/\/arjolle.com\/en\/#organization\"},\"potentialAction\":[{\"@type\":\"SearchAction\",\"target\":{\"@type\":\"EntryPoint\",\"urlTemplate\":\"https:\/\/arjolle.com\/en\/?s={search_term_string}\"},\"query-input\":{\"@type\":\"PropertyValueSpecification\",\"valueRequired\":true,\"valueName\":\"search_term_string\"}}],\"inLanguage\":\"en-US\"},{\"@type\":\"Organization\",\"@id\":\"https:\/\/arjolle.com\/en\/#organization\",\"name\":\"Domaine de l'Arjolle\",\"url\":\"https:\/\/arjolle.com\/en\/\",\"logo\":{\"@type\":\"ImageObject\",\"inLanguage\":\"en-US\",\"@id\":\"https:\/\/arjolle.com\/en\/#\/schema\/logo\/image\/\",\"url\":\"https:\/\/arjolle.com\/wp-content\/uploads\/2025\/11\/logo-domaine-arjolle-1-1.jpg\",\"contentUrl\":\"https:\/\/arjolle.com\/wp-content\/uploads\/2025\/11\/logo-domaine-arjolle-1-1.jpg\",\"width\":512,\"height\":512,\"caption\":\"Domaine de l'Arjolle\"},\"image\":{\"@id\":\"https:\/\/arjolle.com\/en\/#\/schema\/logo\/image\/\"},\"sameAs\":[\"https:\/\/www.facebook.com\/domainede.larjolle\/\",\"https:\/\/www.instagram.com\/domaine_arjolle\/\"]},{\"@type\":\"Person\",\"@id\":\"https:\/\/arjolle.com\/en\/#\/schema\/person\/1cbe5cf95d6d8472ef44c33b6b3bf126\",\"name\":\"Quentin Charlot\",\"image\":{\"@type\":\"ImageObject\",\"inLanguage\":\"en-US\",\"@id\":\"https:\/\/arjolle.com\/en\/#\/schema\/person\/image\/\",\"url\":\"https:\/\/secure.gravatar.com\/avatar\/b001a52e60e4b3a3900be61996bc8f74b5e68d3bc73657359176a67a32a190c7?s=96&d=mm&r=g\",\"contentUrl\":\"https:\/\/secure.gravatar.com\/avatar\/b001a52e60e4b3a3900be61996bc8f74b5e68d3bc73657359176a67a32a190c7?s=96&d=mm&r=g\",\"caption\":\"Quentin Charlot\"},\"sameAs\":[\"https:\/\/arjolle.com\/\",\"https:\/\/www.facebook.com\/arjolle\",\"https:\/\/x.com\/Arjolle\"],\"url\":\"https:\/\/arjolle.com\/en\/author\/juliette\/\"}]}<\/script>\n<!-- \/ Yoast SEO plugin. -->","yoast_head_json":{"title":"Balade Gourmande : une ann\u00e9e de pause - Domaine de l&#039;Arjolle - Caveau de d\u00e9gustation &amp; vente en ligne","description":"La Balade Gourmande marque une pause cette ann\u00e9e 2015. Le prochain Mercredi Vins aura lieu le vendredi 26 juin au coeur de l'Arjolle.","robots":{"index":"index","follow":"follow","max-snippet":"max-snippet:-1","max-image-preview":"max-image-preview:large","max-video-preview":"max-video-preview:-1"},"canonical":"https:\/\/arjolle.com\/en\/balade-gourmande-une-annee-de-pause\/","og_locale":"en_US","og_type":"article","og_title":"Balade Gourmande : une ann\u00e9e de pause - Domaine de l&#039;Arjolle - Caveau de d\u00e9gustation &amp; vente en ligne","og_description":"La Balade Gourmande marque une pause cette ann\u00e9e 2015. Le prochain Mercredi Vins aura lieu le vendredi 26 juin au coeur de l'Arjolle.","og_url":"https:\/\/arjolle.com\/en\/balade-gourmande-une-annee-de-pause\/","og_site_name":"Domaine de l&#039;Arjolle - Caveau de d\u00e9gustation &amp; vente en ligne","article_publisher":"https:\/\/www.facebook.com\/domainede.larjolle\/","article_author":"https:\/\/www.facebook.com\/arjolle","article_published_time":"2015-05-22T14:01:48+00:00","article_modified_time":"2015-05-22T14:02:26+00:00","og_image":[{"url":"https:\/\/arjolle.com\/wp-content\/uploads\/2015\/05\/MV-26-06-2015-A4-1.@.jpg","type":"","width":"","height":""}],"author":"Quentin Charlot","twitter_misc":{"Written by":"Quentin Charlot","Est. reading time":"1 minute"},"schema":{"@context":"https:\/\/schema.org","@graph":[{"@type":"Article","@id":"https:\/\/arjolle.com\/en\/balade-gourmande-une-annee-de-pause\/#article","isPartOf":{"@id":"https:\/\/arjolle.com\/en\/balade-gourmande-une-annee-de-pause\/"},"author":{"name":"Quentin Charlot","@id":"https:\/\/arjolle.com\/en\/#\/schema\/person\/1cbe5cf95d6d8472ef44c33b6b3bf126"},"headline":"Balade Gourmande : une ann\u00e9e de pause","datePublished":"2015-05-22T14:01:48+00:00","dateModified":"2015-05-22T14:02:26+00:00","mainEntityOfPage":{"@id":"https:\/\/arjolle.com\/en\/balade-gourmande-une-annee-de-pause\/"},"wordCount":203,"commentCount":0,"publisher":{"@id":"https:\/\/arjolle.com\/en\/#organization"},"image":{"@id":"https:\/\/arjolle.com\/en\/balade-gourmande-une-annee-de-pause\/#primaryimage"},"thumbnailUrl":"https:\/\/arjolle.com\/wp-content\/uploads\/2015\/05\/MV-26-06-2015-A4-1.@.jpg","keywords":["arjolle","balade gourmande","domaine de l'arjolle","\u00e9v\u00e8nement","margon","mercredi vins","soir\u00e9e","tapas","vin"],"articleSection":["Les \u00e9v\u00e8nements"],"inLanguage":"en-US","potentialAction":[{"@type":"CommentAction","name":"Comment","target":["https:\/\/arjolle.com\/en\/balade-gourmande-une-annee-de-pause\/#respond"]}]},{"@type":"WebPage","@id":"https:\/\/arjolle.com\/en\/balade-gourmande-une-annee-de-pause\/","url":"https:\/\/arjolle.com\/en\/balade-gourmande-une-annee-de-pause\/","name":"Balade Gourmande : une ann\u00e9e de pause - Domaine de l&#039;Arjolle - Caveau de d\u00e9gustation &amp; vente en ligne","isPartOf":{"@id":"https:\/\/arjolle.com\/en\/#website"},"primaryImageOfPage":{"@id":"https:\/\/arjolle.com\/en\/balade-gourmande-une-annee-de-pause\/#primaryimage"},"image":{"@id":"https:\/\/arjolle.com\/en\/balade-gourmande-une-annee-de-pause\/#primaryimage"},"thumbnailUrl":"https:\/\/arjolle.com\/wp-content\/uploads\/2015\/05\/MV-26-06-2015-A4-1.@.jpg","datePublished":"2015-05-22T14:01:48+00:00","dateModified":"2015-05-22T14:02:26+00:00","description":"La Balade Gourmande marque une pause cette ann\u00e9e 2015. Le prochain Mercredi Vins aura lieu le vendredi 26 juin au coeur de l'Arjolle.","breadcrumb":{"@id":"https:\/\/arjolle.com\/en\/balade-gourmande-une-annee-de-pause\/#breadcrumb"},"inLanguage":"en-US","potentialAction":[{"@type":"ReadAction","target":["https:\/\/arjolle.com\/en\/balade-gourmande-une-annee-de-pause\/"]}]},{"@type":"ImageObject","inLanguage":"en-US","@id":"https:\/\/arjolle.com\/en\/balade-gourmande-une-annee-de-pause\/#primaryimage","url":"https:\/\/arjolle.com\/wp-content\/uploads\/2015\/05\/MV-26-06-2015-A4-1.@.jpg","contentUrl":"https:\/\/arjolle.com\/wp-content\/uploads\/2015\/05\/MV-26-06-2015-A4-1.@.jpg"},{"@type":"BreadcrumbList","@id":"https:\/\/arjolle.com\/en\/balade-gourmande-une-annee-de-pause\/#breadcrumb","itemListElement":[{"@type":"ListItem","position":1,"name":"Home","item":"https:\/\/arjolle.com\/en\/"},{"@type":"ListItem","position":2,"name":"Balade Gourmande : une ann\u00e9e de pause"}]},{"@type":"WebSite","@id":"https:\/\/arjolle.com\/en\/#website","url":"https:\/\/arjolle.com\/en\/","name":"Domaine de l'Arjolle - Caveau de d\u00e9gustation & vente en ligne","description":"Le Domaine de l\u2019Arjolle est un pionnier en Languedoc en plantant des c\u00e9pages atypique.","publisher":{"@id":"https:\/\/arjolle.com\/en\/#organization"},"potentialAction":[{"@type":"SearchAction","target":{"@type":"EntryPoint","urlTemplate":"https:\/\/arjolle.com\/en\/?s={search_term_string}"},"query-input":{"@type":"PropertyValueSpecification","valueRequired":true,"valueName":"search_term_string"}}],"inLanguage":"en-US"},{"@type":"Organization","@id":"https:\/\/arjolle.com\/en\/#organization","name":"Domaine de l'Arjolle","url":"https:\/\/arjolle.com\/en\/","logo":{"@type":"ImageObject","inLanguage":"en-US","@id":"https:\/\/arjolle.com\/en\/#\/schema\/logo\/image\/","url":"https:\/\/arjolle.com\/wp-content\/uploads\/2025\/11\/logo-domaine-arjolle-1-1.jpg","contentUrl":"https:\/\/arjolle.com\/wp-content\/uploads\/2025\/11\/logo-domaine-arjolle-1-1.jpg","width":512,"height":512,"caption":"Domaine de l'Arjolle"},"image":{"@id":"https:\/\/arjolle.com\/en\/#\/schema\/logo\/image\/"},"sameAs":["https:\/\/www.facebook.com\/domainede.larjolle\/","https:\/\/www.instagram.com\/domaine_arjolle\/"]},{"@type":"Person","@id":"https:\/\/arjolle.com\/en\/#\/schema\/person\/1cbe5cf95d6d8472ef44c33b6b3bf126","name":"Quentin Charlot","image":{"@type":"ImageObject","inLanguage":"en-US","@id":"https:\/\/arjolle.com\/en\/#\/schema\/person\/image\/","url":"https:\/\/secure.gravatar.com\/avatar\/b001a52e60e4b3a3900be61996bc8f74b5e68d3bc73657359176a67a32a190c7?s=96&d=mm&r=g","contentUrl":"https:\/\/secure.gravatar.com\/avatar\/b001a52e60e4b3a3900be61996bc8f74b5e68d3bc73657359176a67a32a190c7?s=96&d=mm&r=g","caption":"Quentin Charlot"},"sameAs":["https:\/\/arjolle.com\/","https:\/\/www.facebook.com\/arjolle","https:\/\/x.com\/Arjolle"],"url":"https:\/\/arjolle.com\/en\/author\/juliette\/"}]}},"_links":{"self":[{"href":"https:\/\/arjolle.com\/en\/wp-json\/wp\/v2\/posts\/1193","targetHints":{"allow":["GET"]}}],"collection":[{"href":"https:\/\/arjolle.com\/en\/wp-json\/wp\/v2\/posts"}],"about":[{"href":"https:\/\/arjolle.com\/en\/wp-json\/wp\/v2\/types\/post"}],"author":[{"embeddable":true,"href":"https:\/\/arjolle.com\/en\/wp-json\/wp\/v2\/users\/3"}],"replies":[{"embeddable":true,"href":"https:\/\/arjolle.com\/en\/wp-json\/wp\/v2\/comments?post=1193"}],"version-history":[{"count":7,"href":"https:\/\/arjolle.com\/en\/wp-json\/wp\/v2\/posts\/1193\/revisions"}],"predecessor-version":[{"id":1201,"href":"https:\/\/arjolle.com\/en\/wp-json\/wp\/v2\/posts\/1193\/revisions\/1201"}],"wp:attachment":[{"href":"https:\/\/arjolle.com\/en\/wp-json\/wp\/v2\/media?parent=1193"}],"wp:term":[{"taxonomy":"category","embeddable":true,"href":"https:\/\/arjolle.com\/en\/wp-json\/wp\/v2\/categories?post=1193"},{"taxonomy":"post_tag","embeddable":true,"href":"https:\/\/arjolle.com\/en\/wp-json\/wp\/v2\/tags?post=1193"}],"curies":[{"name":"wp","href":"https:\/\/api.w.org\/{rel}","templated":true}]}}