{"id":1524,"date":"2015-10-21T09:00:24","date_gmt":"2015-10-21T09:00:24","guid":{"rendered":"https:\/\/arjolle.com\/?p=1524"},"modified":"2016-03-04T10:32:00","modified_gmt":"2016-03-04T10:32:00","slug":"parler-du-vin-avec-les-mains-cuvee-zinfandel","status":"publish","type":"post","link":"https:\/\/arjolle.com\/en\/parler-du-vin-avec-les-mains-cuvee-zinfandel\/","title":{"rendered":"Parler du Vin avec les Mains &#8211; Cuv\u00e9e Zinfandel"},"content":{"rendered":"<h3 style=\"text-align: justify;\">D\u00e9couvrez une mani\u00e8re peu commune de parler du vin : Parler vin avec les mains, pens\u00e9 par Sebastian Nickel, \u0153nologue et cr\u00e9ateur du blog <a href=\"http:\/\/www.vinparleur.net\/\">VinParleur<\/a>.<\/h3>\n<p style=\"text-align: justify;\">C&#8217;est un projet commenc\u00e9 avec Carlos Carreras, interpr\u00e8te en langue des signes il y 3 ans. Les deux hommes r\u00e9alisent des films sur le vin, le go\u00fbt, la d\u00e9gustation, la viticulture&#8230; en fran\u00e7ais et en langue des signes.<\/p>\n<p style=\"text-align: justify;\">Une vid\u00e9o a notamment \u00e9t\u00e9 r\u00e9alis\u00e9e avec Terra Vitis au\u00a0printemps dernier.<\/p>\n<p style=\"text-align: justify;\">Leurs\u00a0objectifs sont simples: &#8211; R\u00e9pondre \u00e0 la demande croissante des consommateurs d&#8217;informations sur le vin et la viticulture.<\/p>\n<p style=\"text-align: justify;\">&#8211; Rendre cette information accessible \u00e0 tous, y compris aux\u00a0personnes sourdes.<\/p>\n<blockquote><p>Le vin est un produit qui se partage par excellence, alors l&#8217;information et le savoir autour du vin doivent \u00eatre \u00e9galement accessibles \u00e0 tous. (Sebastian Nickel)<\/p><\/blockquote>\n<p style=\"text-align: justify;\">Dans cette nouvelle vid\u00e9o, l\u2019\u0153nologue et l\u2019interpr\u00e8te analysent le cuv\u00e9e Zinfandel 2012 au travers du chapitre &#8220;les Vins Rares et Bizarres&#8221;.<\/p>\n<p><iframe loading=\"lazy\" src=\"https:\/\/www.youtube.com\/embed\/Qmhw_3KsAwQ\" width=\"560\" height=\"315\" frameborder=\"0\" allowfullscreen=\"allowfullscreen\"><\/iframe><\/p>\n<p><a href=\"http:\/\/www.parlervinaveclesmains.org\">www.parlervinaveclesmains.org<\/a><\/p>\n","protected":false},"excerpt":{"rendered":"<p>D\u00e9couvrez une mani\u00e8re peu commune de parler du vin : Parler vin avec les mains, pens\u00e9 par Sebastian Nickel, \u0153nologue et cr\u00e9ateur du blog VinParleur. C&#8217;est un projet commenc\u00e9 avec Carlos Carreras, interpr\u00e8te en langue des signes il y 3 ans. Les deux hommes r\u00e9alisent des films sur le vin, le go\u00fbt, la d\u00e9gustation, la [&hellip;]<\/p>\n","protected":false},"author":3,"featured_media":1525,"comment_status":"open","ping_status":"open","sticky":false,"template":"","format":"standard","meta":{"footnotes":""},"categories":[98],"tags":[],"class_list":["post-1524","post","type-post","status-publish","format-standard","has-post-thumbnail","hentry","category-larjolle-co-fr"],"yoast_head":"<!-- This site is optimized with the Yoast SEO plugin v27.1.1 - https:\/\/yoast.com\/product\/yoast-seo-wordpress\/ -->\n<title>Parler du Vin avec les Mains - Cuv\u00e9e Zinfandel - Domaine de l&#039;Arjolle - Caveau de d\u00e9gustation &amp; vente en ligne<\/title>\n<meta name=\"description\" content=\"Parler du vin avec les mains est un projet de Sebastian Niquel et Carlos Carreras. Dans cet article, le cuv\u00e9e Zinfandel 2012 est mis \u00e0 l&#039;honneur.\" \/>\n<meta name=\"robots\" content=\"index, follow, max-snippet:-1, max-image-preview:large, max-video-preview:-1\" \/>\n<link rel=\"canonical\" href=\"https:\/\/arjolle.com\/en\/parler-du-vin-avec-les-mains-cuvee-zinfandel\/\" \/>\n<meta property=\"og:locale\" content=\"en_US\" \/>\n<meta property=\"og:type\" content=\"article\" \/>\n<meta property=\"og:title\" content=\"Parler du Vin avec les Mains - Cuv\u00e9e Zinfandel - Domaine de l&#039;Arjolle - Caveau de d\u00e9gustation &amp; vente en ligne\" \/>\n<meta property=\"og:description\" content=\"Parler du vin avec les mains est un projet de Sebastian Niquel et Carlos Carreras. Dans cet article, le cuv\u00e9e Zinfandel 2012 est mis \u00e0 l&#039;honneur.\" \/>\n<meta property=\"og:url\" content=\"https:\/\/arjolle.com\/en\/parler-du-vin-avec-les-mains-cuvee-zinfandel\/\" \/>\n<meta property=\"og:site_name\" content=\"Domaine de l&#039;Arjolle - Caveau de d\u00e9gustation &amp; vente en ligne\" \/>\n<meta property=\"article:publisher\" content=\"https:\/\/www.facebook.com\/domainede.larjolle\/\" \/>\n<meta property=\"article:author\" content=\"https:\/\/www.facebook.com\/arjolle\" \/>\n<meta property=\"article:published_time\" content=\"2015-10-21T09:00:24+00:00\" \/>\n<meta property=\"article:modified_time\" content=\"2016-03-04T10:32:00+00:00\" \/>\n<meta property=\"og:image\" content=\"https:\/\/arjolle.com\/wp-content\/uploads\/2015\/10\/Zinfandel-parler-vin-avec-les-mains-@.jpg\" \/>\n\t<meta property=\"og:image:width\" content=\"300\" \/>\n\t<meta property=\"og:image:height\" content=\"300\" \/>\n\t<meta property=\"og:image:type\" content=\"image\/jpeg\" \/>\n<meta name=\"author\" content=\"Quentin Charlot\" \/>\n<meta name=\"twitter:label1\" content=\"Written by\" \/>\n\t<meta name=\"twitter:data1\" content=\"Quentin Charlot\" \/>\n\t<meta name=\"twitter:label2\" content=\"Est. reading time\" \/>\n\t<meta name=\"twitter:data2\" content=\"1 minute\" \/>\n<script type=\"application\/ld+json\" class=\"yoast-schema-graph\">{\"@context\":\"https:\/\/schema.org\",\"@graph\":[{\"@type\":\"Article\",\"@id\":\"https:\/\/arjolle.com\/en\/parler-du-vin-avec-les-mains-cuvee-zinfandel\/#article\",\"isPartOf\":{\"@id\":\"https:\/\/arjolle.com\/en\/parler-du-vin-avec-les-mains-cuvee-zinfandel\/\"},\"author\":{\"name\":\"Quentin Charlot\",\"@id\":\"https:\/\/arjolle.com\/en\/#\/schema\/person\/1cbe5cf95d6d8472ef44c33b6b3bf126\"},\"headline\":\"Parler du Vin avec les Mains &#8211; Cuv\u00e9e Zinfandel\",\"datePublished\":\"2015-10-21T09:00:24+00:00\",\"dateModified\":\"2016-03-04T10:32:00+00:00\",\"mainEntityOfPage\":{\"@id\":\"https:\/\/arjolle.com\/en\/parler-du-vin-avec-les-mains-cuvee-zinfandel\/\"},\"wordCount\":180,\"commentCount\":0,\"publisher\":{\"@id\":\"https:\/\/arjolle.com\/en\/#organization\"},\"image\":{\"@id\":\"https:\/\/arjolle.com\/en\/parler-du-vin-avec-les-mains-cuvee-zinfandel\/#primaryimage\"},\"thumbnailUrl\":\"https:\/\/arjolle.com\/wp-content\/uploads\/2015\/10\/Zinfandel-parler-vin-avec-les-mains-@.jpg\",\"articleSection\":[\"L'Arjolle &amp; Compagnie\"],\"inLanguage\":\"en-US\",\"potentialAction\":[{\"@type\":\"CommentAction\",\"name\":\"Comment\",\"target\":[\"https:\/\/arjolle.com\/en\/parler-du-vin-avec-les-mains-cuvee-zinfandel\/#respond\"]}]},{\"@type\":\"WebPage\",\"@id\":\"https:\/\/arjolle.com\/en\/parler-du-vin-avec-les-mains-cuvee-zinfandel\/\",\"url\":\"https:\/\/arjolle.com\/en\/parler-du-vin-avec-les-mains-cuvee-zinfandel\/\",\"name\":\"Parler du Vin avec les Mains - Cuv\u00e9e Zinfandel - Domaine de l&#039;Arjolle - Caveau de d\u00e9gustation &amp; vente en ligne\",\"isPartOf\":{\"@id\":\"https:\/\/arjolle.com\/en\/#website\"},\"primaryImageOfPage\":{\"@id\":\"https:\/\/arjolle.com\/en\/parler-du-vin-avec-les-mains-cuvee-zinfandel\/#primaryimage\"},\"image\":{\"@id\":\"https:\/\/arjolle.com\/en\/parler-du-vin-avec-les-mains-cuvee-zinfandel\/#primaryimage\"},\"thumbnailUrl\":\"https:\/\/arjolle.com\/wp-content\/uploads\/2015\/10\/Zinfandel-parler-vin-avec-les-mains-@.jpg\",\"datePublished\":\"2015-10-21T09:00:24+00:00\",\"dateModified\":\"2016-03-04T10:32:00+00:00\",\"description\":\"Parler du vin avec les mains est un projet de Sebastian Niquel et Carlos Carreras. Dans cet article, le cuv\u00e9e Zinfandel 2012 est mis \u00e0 l'honneur.\",\"breadcrumb\":{\"@id\":\"https:\/\/arjolle.com\/en\/parler-du-vin-avec-les-mains-cuvee-zinfandel\/#breadcrumb\"},\"inLanguage\":\"en-US\",\"potentialAction\":[{\"@type\":\"ReadAction\",\"target\":[\"https:\/\/arjolle.com\/en\/parler-du-vin-avec-les-mains-cuvee-zinfandel\/\"]}]},{\"@type\":\"ImageObject\",\"inLanguage\":\"en-US\",\"@id\":\"https:\/\/arjolle.com\/en\/parler-du-vin-avec-les-mains-cuvee-zinfandel\/#primaryimage\",\"url\":\"https:\/\/arjolle.com\/wp-content\/uploads\/2015\/10\/Zinfandel-parler-vin-avec-les-mains-@.jpg\",\"contentUrl\":\"https:\/\/arjolle.com\/wp-content\/uploads\/2015\/10\/Zinfandel-parler-vin-avec-les-mains-@.jpg\",\"width\":300,\"height\":300,\"caption\":\"Zinfandel - parler vin avec les mains @\"},{\"@type\":\"BreadcrumbList\",\"@id\":\"https:\/\/arjolle.com\/en\/parler-du-vin-avec-les-mains-cuvee-zinfandel\/#breadcrumb\",\"itemListElement\":[{\"@type\":\"ListItem\",\"position\":1,\"name\":\"Home\",\"item\":\"https:\/\/arjolle.com\/en\/\"},{\"@type\":\"ListItem\",\"position\":2,\"name\":\"Parler du Vin avec les Mains &#8211; Cuv\u00e9e Zinfandel\"}]},{\"@type\":\"WebSite\",\"@id\":\"https:\/\/arjolle.com\/en\/#website\",\"url\":\"https:\/\/arjolle.com\/en\/\",\"name\":\"Domaine de l'Arjolle - Caveau de d\u00e9gustation & vente en ligne\",\"description\":\"Le Domaine de l\u2019Arjolle est un pionnier en Languedoc en plantant des c\u00e9pages atypique.\",\"publisher\":{\"@id\":\"https:\/\/arjolle.com\/en\/#organization\"},\"potentialAction\":[{\"@type\":\"SearchAction\",\"target\":{\"@type\":\"EntryPoint\",\"urlTemplate\":\"https:\/\/arjolle.com\/en\/?s={search_term_string}\"},\"query-input\":{\"@type\":\"PropertyValueSpecification\",\"valueRequired\":true,\"valueName\":\"search_term_string\"}}],\"inLanguage\":\"en-US\"},{\"@type\":\"Organization\",\"@id\":\"https:\/\/arjolle.com\/en\/#organization\",\"name\":\"Domaine de l'Arjolle\",\"url\":\"https:\/\/arjolle.com\/en\/\",\"logo\":{\"@type\":\"ImageObject\",\"inLanguage\":\"en-US\",\"@id\":\"https:\/\/arjolle.com\/en\/#\/schema\/logo\/image\/\",\"url\":\"https:\/\/arjolle.com\/wp-content\/uploads\/2025\/11\/logo-domaine-arjolle-1-1.jpg\",\"contentUrl\":\"https:\/\/arjolle.com\/wp-content\/uploads\/2025\/11\/logo-domaine-arjolle-1-1.jpg\",\"width\":512,\"height\":512,\"caption\":\"Domaine de l'Arjolle\"},\"image\":{\"@id\":\"https:\/\/arjolle.com\/en\/#\/schema\/logo\/image\/\"},\"sameAs\":[\"https:\/\/www.facebook.com\/domainede.larjolle\/\",\"https:\/\/www.instagram.com\/domaine_arjolle\/\"]},{\"@type\":\"Person\",\"@id\":\"https:\/\/arjolle.com\/en\/#\/schema\/person\/1cbe5cf95d6d8472ef44c33b6b3bf126\",\"name\":\"Quentin Charlot\",\"image\":{\"@type\":\"ImageObject\",\"inLanguage\":\"en-US\",\"@id\":\"https:\/\/arjolle.com\/en\/#\/schema\/person\/image\/\",\"url\":\"https:\/\/secure.gravatar.com\/avatar\/b001a52e60e4b3a3900be61996bc8f74b5e68d3bc73657359176a67a32a190c7?s=96&d=mm&r=g\",\"contentUrl\":\"https:\/\/secure.gravatar.com\/avatar\/b001a52e60e4b3a3900be61996bc8f74b5e68d3bc73657359176a67a32a190c7?s=96&d=mm&r=g\",\"caption\":\"Quentin Charlot\"},\"sameAs\":[\"https:\/\/arjolle.com\/\",\"https:\/\/www.facebook.com\/arjolle\",\"https:\/\/x.com\/Arjolle\"],\"url\":\"https:\/\/arjolle.com\/en\/author\/juliette\/\"}]}<\/script>\n<!-- \/ Yoast SEO plugin. -->","yoast_head_json":{"title":"Parler du Vin avec les Mains - Cuv\u00e9e Zinfandel - Domaine de l&#039;Arjolle - Caveau de d\u00e9gustation &amp; vente en ligne","description":"Parler du vin avec les mains est un projet de Sebastian Niquel et Carlos Carreras. Dans cet article, le cuv\u00e9e Zinfandel 2012 est mis \u00e0 l'honneur.","robots":{"index":"index","follow":"follow","max-snippet":"max-snippet:-1","max-image-preview":"max-image-preview:large","max-video-preview":"max-video-preview:-1"},"canonical":"https:\/\/arjolle.com\/en\/parler-du-vin-avec-les-mains-cuvee-zinfandel\/","og_locale":"en_US","og_type":"article","og_title":"Parler du Vin avec les Mains - Cuv\u00e9e Zinfandel - Domaine de l&#039;Arjolle - Caveau de d\u00e9gustation &amp; vente en ligne","og_description":"Parler du vin avec les mains est un projet de Sebastian Niquel et Carlos Carreras. Dans cet article, le cuv\u00e9e Zinfandel 2012 est mis \u00e0 l'honneur.","og_url":"https:\/\/arjolle.com\/en\/parler-du-vin-avec-les-mains-cuvee-zinfandel\/","og_site_name":"Domaine de l&#039;Arjolle - Caveau de d\u00e9gustation &amp; vente en ligne","article_publisher":"https:\/\/www.facebook.com\/domainede.larjolle\/","article_author":"https:\/\/www.facebook.com\/arjolle","article_published_time":"2015-10-21T09:00:24+00:00","article_modified_time":"2016-03-04T10:32:00+00:00","og_image":[{"width":300,"height":300,"url":"https:\/\/arjolle.com\/wp-content\/uploads\/2015\/10\/Zinfandel-parler-vin-avec-les-mains-@.jpg","type":"image\/jpeg"}],"author":"Quentin Charlot","twitter_misc":{"Written by":"Quentin Charlot","Est. reading time":"1 minute"},"schema":{"@context":"https:\/\/schema.org","@graph":[{"@type":"Article","@id":"https:\/\/arjolle.com\/en\/parler-du-vin-avec-les-mains-cuvee-zinfandel\/#article","isPartOf":{"@id":"https:\/\/arjolle.com\/en\/parler-du-vin-avec-les-mains-cuvee-zinfandel\/"},"author":{"name":"Quentin Charlot","@id":"https:\/\/arjolle.com\/en\/#\/schema\/person\/1cbe5cf95d6d8472ef44c33b6b3bf126"},"headline":"Parler du Vin avec les Mains &#8211; Cuv\u00e9e Zinfandel","datePublished":"2015-10-21T09:00:24+00:00","dateModified":"2016-03-04T10:32:00+00:00","mainEntityOfPage":{"@id":"https:\/\/arjolle.com\/en\/parler-du-vin-avec-les-mains-cuvee-zinfandel\/"},"wordCount":180,"commentCount":0,"publisher":{"@id":"https:\/\/arjolle.com\/en\/#organization"},"image":{"@id":"https:\/\/arjolle.com\/en\/parler-du-vin-avec-les-mains-cuvee-zinfandel\/#primaryimage"},"thumbnailUrl":"https:\/\/arjolle.com\/wp-content\/uploads\/2015\/10\/Zinfandel-parler-vin-avec-les-mains-@.jpg","articleSection":["L'Arjolle &amp; Compagnie"],"inLanguage":"en-US","potentialAction":[{"@type":"CommentAction","name":"Comment","target":["https:\/\/arjolle.com\/en\/parler-du-vin-avec-les-mains-cuvee-zinfandel\/#respond"]}]},{"@type":"WebPage","@id":"https:\/\/arjolle.com\/en\/parler-du-vin-avec-les-mains-cuvee-zinfandel\/","url":"https:\/\/arjolle.com\/en\/parler-du-vin-avec-les-mains-cuvee-zinfandel\/","name":"Parler du Vin avec les Mains - Cuv\u00e9e Zinfandel - Domaine de l&#039;Arjolle - Caveau de d\u00e9gustation &amp; vente en ligne","isPartOf":{"@id":"https:\/\/arjolle.com\/en\/#website"},"primaryImageOfPage":{"@id":"https:\/\/arjolle.com\/en\/parler-du-vin-avec-les-mains-cuvee-zinfandel\/#primaryimage"},"image":{"@id":"https:\/\/arjolle.com\/en\/parler-du-vin-avec-les-mains-cuvee-zinfandel\/#primaryimage"},"thumbnailUrl":"https:\/\/arjolle.com\/wp-content\/uploads\/2015\/10\/Zinfandel-parler-vin-avec-les-mains-@.jpg","datePublished":"2015-10-21T09:00:24+00:00","dateModified":"2016-03-04T10:32:00+00:00","description":"Parler du vin avec les mains est un projet de Sebastian Niquel et Carlos Carreras. Dans cet article, le cuv\u00e9e Zinfandel 2012 est mis \u00e0 l'honneur.","breadcrumb":{"@id":"https:\/\/arjolle.com\/en\/parler-du-vin-avec-les-mains-cuvee-zinfandel\/#breadcrumb"},"inLanguage":"en-US","potentialAction":[{"@type":"ReadAction","target":["https:\/\/arjolle.com\/en\/parler-du-vin-avec-les-mains-cuvee-zinfandel\/"]}]},{"@type":"ImageObject","inLanguage":"en-US","@id":"https:\/\/arjolle.com\/en\/parler-du-vin-avec-les-mains-cuvee-zinfandel\/#primaryimage","url":"https:\/\/arjolle.com\/wp-content\/uploads\/2015\/10\/Zinfandel-parler-vin-avec-les-mains-@.jpg","contentUrl":"https:\/\/arjolle.com\/wp-content\/uploads\/2015\/10\/Zinfandel-parler-vin-avec-les-mains-@.jpg","width":300,"height":300,"caption":"Zinfandel - parler vin avec les mains @"},{"@type":"BreadcrumbList","@id":"https:\/\/arjolle.com\/en\/parler-du-vin-avec-les-mains-cuvee-zinfandel\/#breadcrumb","itemListElement":[{"@type":"ListItem","position":1,"name":"Home","item":"https:\/\/arjolle.com\/en\/"},{"@type":"ListItem","position":2,"name":"Parler du Vin avec les Mains &#8211; Cuv\u00e9e Zinfandel"}]},{"@type":"WebSite","@id":"https:\/\/arjolle.com\/en\/#website","url":"https:\/\/arjolle.com\/en\/","name":"Domaine de l'Arjolle - Caveau de d\u00e9gustation & vente en ligne","description":"Le Domaine de l\u2019Arjolle est un pionnier en Languedoc en plantant des c\u00e9pages atypique.","publisher":{"@id":"https:\/\/arjolle.com\/en\/#organization"},"potentialAction":[{"@type":"SearchAction","target":{"@type":"EntryPoint","urlTemplate":"https:\/\/arjolle.com\/en\/?s={search_term_string}"},"query-input":{"@type":"PropertyValueSpecification","valueRequired":true,"valueName":"search_term_string"}}],"inLanguage":"en-US"},{"@type":"Organization","@id":"https:\/\/arjolle.com\/en\/#organization","name":"Domaine de l'Arjolle","url":"https:\/\/arjolle.com\/en\/","logo":{"@type":"ImageObject","inLanguage":"en-US","@id":"https:\/\/arjolle.com\/en\/#\/schema\/logo\/image\/","url":"https:\/\/arjolle.com\/wp-content\/uploads\/2025\/11\/logo-domaine-arjolle-1-1.jpg","contentUrl":"https:\/\/arjolle.com\/wp-content\/uploads\/2025\/11\/logo-domaine-arjolle-1-1.jpg","width":512,"height":512,"caption":"Domaine de l'Arjolle"},"image":{"@id":"https:\/\/arjolle.com\/en\/#\/schema\/logo\/image\/"},"sameAs":["https:\/\/www.facebook.com\/domainede.larjolle\/","https:\/\/www.instagram.com\/domaine_arjolle\/"]},{"@type":"Person","@id":"https:\/\/arjolle.com\/en\/#\/schema\/person\/1cbe5cf95d6d8472ef44c33b6b3bf126","name":"Quentin Charlot","image":{"@type":"ImageObject","inLanguage":"en-US","@id":"https:\/\/arjolle.com\/en\/#\/schema\/person\/image\/","url":"https:\/\/secure.gravatar.com\/avatar\/b001a52e60e4b3a3900be61996bc8f74b5e68d3bc73657359176a67a32a190c7?s=96&d=mm&r=g","contentUrl":"https:\/\/secure.gravatar.com\/avatar\/b001a52e60e4b3a3900be61996bc8f74b5e68d3bc73657359176a67a32a190c7?s=96&d=mm&r=g","caption":"Quentin Charlot"},"sameAs":["https:\/\/arjolle.com\/","https:\/\/www.facebook.com\/arjolle","https:\/\/x.com\/Arjolle"],"url":"https:\/\/arjolle.com\/en\/author\/juliette\/"}]}},"_links":{"self":[{"href":"https:\/\/arjolle.com\/en\/wp-json\/wp\/v2\/posts\/1524","targetHints":{"allow":["GET"]}}],"collection":[{"href":"https:\/\/arjolle.com\/en\/wp-json\/wp\/v2\/posts"}],"about":[{"href":"https:\/\/arjolle.com\/en\/wp-json\/wp\/v2\/types\/post"}],"author":[{"embeddable":true,"href":"https:\/\/arjolle.com\/en\/wp-json\/wp\/v2\/users\/3"}],"replies":[{"embeddable":true,"href":"https:\/\/arjolle.com\/en\/wp-json\/wp\/v2\/comments?post=1524"}],"version-history":[{"count":9,"href":"https:\/\/arjolle.com\/en\/wp-json\/wp\/v2\/posts\/1524\/revisions"}],"predecessor-version":[{"id":1685,"href":"https:\/\/arjolle.com\/en\/wp-json\/wp\/v2\/posts\/1524\/revisions\/1685"}],"wp:featuredmedia":[{"embeddable":true,"href":"https:\/\/arjolle.com\/en\/wp-json\/wp\/v2\/media\/1525"}],"wp:attachment":[{"href":"https:\/\/arjolle.com\/en\/wp-json\/wp\/v2\/media?parent=1524"}],"wp:term":[{"taxonomy":"category","embeddable":true,"href":"https:\/\/arjolle.com\/en\/wp-json\/wp\/v2\/categories?post=1524"},{"taxonomy":"post_tag","embeddable":true,"href":"https:\/\/arjolle.com\/en\/wp-json\/wp\/v2\/tags?post=1524"}],"curies":[{"name":"wp","href":"https:\/\/api.w.org\/{rel}","templated":true}]}}