{"id":1634,"date":"2016-02-08T13:23:04","date_gmt":"2016-02-08T13:23:04","guid":{"rendered":"https:\/\/arjolle.com\/?p=1634"},"modified":"2016-03-04T10:30:39","modified_gmt":"2016-03-04T10:30:39","slug":"le-millesime-2015","status":"publish","type":"post","link":"https:\/\/arjolle.com\/en\/le-millesime-2015\/","title":{"rendered":"Le mill\u00e9sime 2015"},"content":{"rendered":"<h2>Le mill\u00e9sime 2015 au Domaine de l&#8217;Arjolle<\/h2>\n<p>Le mill\u00e9sime 2015 marque le retour du climat languedocien\u00a0; en effet nous avons eu une ann\u00e9e dot\u00e9e de 4 belles saisons. \u00a0Avec un cumul pluviom\u00e9trique de 649 mm, l\u2019ann\u00e9e hydrologique 2014-15 est tr\u00e8s proche de la normale. Mais il faut noter que pr\u00e8s de la moiti\u00e9 de ces pluies (284 mm) sont tomb\u00e9es lors de deux violentes pr\u00e9cipitations en automne appel\u00e9es \u00ab\u00a0ph\u00e9nom\u00e8nes C\u00e9venols\u00a0\u00bb. L\u2019\u00e9v\u00e9nement pluvieux de novembre a nettement contribu\u00e9 \u00e0 la recharge des nappes phr\u00e9atiques. \u00a0Ce niveau de recharge n\u2019avait pas \u00e9t\u00e9 rencontr\u00e9 depuis le printemps 2011. L\u2019hiver fut froid avec des pr\u00e9cipitations proches de la normale. Le printemps a \u00e9t\u00e9 relativement doux, et les pluies printani\u00e8res ont \u00e9t\u00e9 propices au bon d\u00e9veloppement de la floraison et surtout \u00e0 une bonne min\u00e9ralisation des sols, \u00e9tape importante dans la nutrition de la vigne. Ce ph\u00e9nom\u00e8ne a conditionn\u00e9 la qualit\u00e9 de la r\u00e9colte 2015. Concernant la p\u00e9riode estivale, nous avons battu des records de temp\u00e9ratures, notamment pour les mois de juin et juillet. Les \u00e9carts de temp\u00e9rature nocturnes\/diurnes de la fin aout et du d\u00e9but septembre ont contribu\u00e9 \u00e0 affiner la texture des vins de 2015 (belle complexit\u00e9 aromatique et conservation d\u2019une remarquable fraicheur naturelle). La physiologie de la vigne \u00e9tant tr\u00e8s bien adapt\u00e9e \u00e0 ces climats, l\u2019ensemble des c\u00e9pages ont eu une maturit\u00e9 relativement \u00e9tal\u00e9e \u00a0de telle sorte que nous avons commenc\u00e9 les vendanges par les sauvignons le 16 ao\u00fbt et fini par les cabernets le 16 octobre.<\/p>\n<p>Pour les vins de l\u2019Arjolle, le mill\u00e9sime 2015 se caract\u00e9rise par\u00a0:<\/p>\n<ul>\n<li>Des vins blancs avec une belle trame aromatique port\u00e9e par une pr\u00e9sence en bouche d\u00e9licate et soutenue. En effet, l\u2019ensemble des conditions climatiques de 2015 nous a apport\u00e9 des raisins sains avec des maturations tr\u00e8s h\u00e9t\u00e9rog\u00e8nes en fonction des parcelles et des c\u00e9pages, ph\u00e9nom\u00e8ne atypique avec lequel nous avons compos\u00e9 pour le choix de la date de r\u00e9colte. Mais le r\u00e9sultat est bien l\u00e0, les premi\u00e8res bouteilles d\u2019Equilibre Viognier\/Sauvignon 2015 se r\u00e9v\u00e8lent \u00eatre une explosion aromatique dot\u00e9es d\u2019une belle fra\u00eecheur.<\/li>\n<\/ul>\n<ul>\n<li>Des ros\u00e9s expressifs. Une attention toute particuli\u00e8re a \u00e9t\u00e9 port\u00e9e sur la maturit\u00e9 des Syrahs et des Cabernets Francs afin d\u2019assurer des mac\u00e9rations pelliculaires pour extraire la meilleure expression aromatique de ces c\u00e9pages. En effet, suite aux pluies de d\u00e9but septembre, la maturit\u00e9 des c\u00e9pages rouges f\u00fbt ralentie, la d\u00e9cision d\u2019attendre la fin de la seconde semaine de septembre pour r\u00e9colter les cabernets francs ne f\u00fbt que b\u00e9n\u00e9fique. A l\u2019heure o\u00f9 j\u2019\u00e9cris ces quelques lignes, les ros\u00e9s de Cabernet Franc \u00e9lev\u00e9s en barrique r\u00e9v\u00e8lent une explosion aromatique hors du commun. La m\u00e9ridienne sera exceptionnelle cette ann\u00e9e.<\/li>\n<\/ul>\n<ul>\n<li>Des rouges gourmands, amples et suaves. Les vins rouges sont tr\u00e8s concentr\u00e9s avec une structure souple et gourmande, on retrouve la m\u00eame trame que sur le mill\u00e9sime 2011, avec plus de sucrosit\u00e9 et des tanins bien m\u00fbr. L\u2019attente d\u2019une surmaturit\u00e9 sur les c\u00e9pages rouges ne fut pas vaines, les pluies de la mi-septembre avaient quelque peu stopp\u00e9 la maturit\u00e9, seul le <strong>Zinfandel<\/strong> poursuivi sa maturit\u00e9 \u00e9gal \u00e0 lui-m\u00eame\u00a0! le fait d\u2019avoir un vignoble superbement bien tenu, nous a permis d\u2019attendre les premi\u00e8res semaines d\u2019octobre pour ramasser des raisins sains \u00e0 maturit\u00e9 optimale\u00a0; les merlots ont \u00e9t\u00e9 r\u00e9colt\u00e9s entre le 6 et le 9 octobre, ont suivi les Cabernets Francs, Syrah et pour terminer les Cabernets Sauvignons, les Grenaches.<\/li>\n<\/ul>\n<p>Pour conclure, \u00e0 l\u2019heure des premi\u00e8res descentes en barriques, le mill\u00e9sime 2015 s\u2019annonce comme un grand mill\u00e9sime sur le Languedoc. Les vins sont stables, aucune perte de couleur sur les 3 premiers mois, toujours autant de densit\u00e9 et de pr\u00e9sence en bouche\u00a0; l\u2019\u00e9quilibre entre l\u2019acidit\u00e9, l\u2019alcool et les tanins perdurent\u00a0;\u00a0 tout est en place pour l\u2019\u00e9levage\u00a0;<\/p>\n<p>La nature fait bien les choses, apr\u00e8s un mill\u00e9sime 2014 en demi-teinte, (- 35% de r\u00e9colte) le vigneron est toujours heureux d\u2019accueillir en cave un nouveau mill\u00e9sime aussi prometteur en qualit\u00e9 qu\u2019en quantit\u00e9\u00a0!<\/p>\n<p>&nbsp;<\/p>\n<p>&nbsp;<\/p>\n","protected":false},"excerpt":{"rendered":"<p>Le mill\u00e9sime 2015 au Domaine de l&#8217;Arjolle Le mill\u00e9sime 2015 marque le retour du climat languedocien\u00a0; en effet nous avons eu une ann\u00e9e dot\u00e9e de 4 belles saisons. \u00a0Avec un cumul pluviom\u00e9trique de 649 mm, l\u2019ann\u00e9e hydrologique 2014-15 est tr\u00e8s proche de la normale. Mais il faut noter que pr\u00e8s de la moiti\u00e9 de ces [&hellip;]<\/p>\n","protected":false},"author":3,"featured_media":1636,"comment_status":"open","ping_status":"open","sticky":false,"template":"","format":"standard","meta":{"footnotes":""},"categories":[4],"tags":[],"class_list":["post-1634","post","type-post","status-publish","format-standard","has-post-thumbnail","hentry","category-le-vignoble"],"yoast_head":"<!-- This site is optimized with the Yoast SEO plugin v27.1.1 - https:\/\/yoast.com\/product\/yoast-seo-wordpress\/ -->\n<title>Le mill\u00e9sime 2015 - Domaine de l&#039;Arjolle - Caveau de d\u00e9gustation &amp; vente en ligne<\/title>\n<meta name=\"robots\" content=\"index, follow, max-snippet:-1, max-image-preview:large, max-video-preview:-1\" \/>\n<link rel=\"canonical\" href=\"https:\/\/arjolle.com\/en\/le-millesime-2015\/\" \/>\n<meta property=\"og:locale\" content=\"en_US\" \/>\n<meta property=\"og:type\" content=\"article\" \/>\n<meta property=\"og:title\" content=\"Le mill\u00e9sime 2015 - Domaine de l&#039;Arjolle - Caveau de d\u00e9gustation &amp; vente en ligne\" \/>\n<meta property=\"og:description\" content=\"Le mill\u00e9sime 2015 au Domaine de l&#8217;Arjolle Le mill\u00e9sime 2015 marque le retour du climat languedocien\u00a0; en effet nous avons eu une ann\u00e9e dot\u00e9e de 4 belles saisons. \u00a0Avec un cumul pluviom\u00e9trique de 649 mm, l\u2019ann\u00e9e hydrologique 2014-15 est tr\u00e8s proche de la normale. Mais il faut noter que pr\u00e8s de la moiti\u00e9 de ces [&hellip;]\" \/>\n<meta property=\"og:url\" content=\"https:\/\/arjolle.com\/en\/le-millesime-2015\/\" \/>\n<meta property=\"og:site_name\" content=\"Domaine de l&#039;Arjolle - Caveau de d\u00e9gustation &amp; vente en ligne\" \/>\n<meta property=\"article:publisher\" content=\"https:\/\/www.facebook.com\/domainede.larjolle\/\" \/>\n<meta property=\"article:author\" content=\"https:\/\/www.facebook.com\/arjolle\" \/>\n<meta property=\"article:published_time\" content=\"2016-02-08T13:23:04+00:00\" \/>\n<meta property=\"article:modified_time\" content=\"2016-03-04T10:30:39+00:00\" \/>\n<meta property=\"og:image\" content=\"https:\/\/arjolle.com\/wp-content\/uploads\/2016\/02\/Mill\u00e9sime-2015.jpg\" \/>\n\t<meta property=\"og:image:width\" content=\"1037\" \/>\n\t<meta property=\"og:image:height\" content=\"1037\" \/>\n\t<meta property=\"og:image:type\" content=\"image\/jpeg\" \/>\n<meta name=\"author\" content=\"Quentin Charlot\" \/>\n<meta name=\"twitter:label1\" content=\"Written by\" \/>\n\t<meta name=\"twitter:data1\" content=\"Quentin Charlot\" \/>\n\t<meta name=\"twitter:label2\" content=\"Est. reading time\" \/>\n\t<meta name=\"twitter:data2\" content=\"4 minutes\" \/>\n<script type=\"application\/ld+json\" class=\"yoast-schema-graph\">{\"@context\":\"https:\/\/schema.org\",\"@graph\":[{\"@type\":\"Article\",\"@id\":\"https:\/\/arjolle.com\/en\/le-millesime-2015\/#article\",\"isPartOf\":{\"@id\":\"https:\/\/arjolle.com\/en\/le-millesime-2015\/\"},\"author\":{\"name\":\"Quentin Charlot\",\"@id\":\"https:\/\/arjolle.com\/en\/#\/schema\/person\/1cbe5cf95d6d8472ef44c33b6b3bf126\"},\"headline\":\"Le mill\u00e9sime 2015\",\"datePublished\":\"2016-02-08T13:23:04+00:00\",\"dateModified\":\"2016-03-04T10:30:39+00:00\",\"mainEntityOfPage\":{\"@id\":\"https:\/\/arjolle.com\/en\/le-millesime-2015\/\"},\"wordCount\":735,\"commentCount\":0,\"publisher\":{\"@id\":\"https:\/\/arjolle.com\/en\/#organization\"},\"image\":{\"@id\":\"https:\/\/arjolle.com\/en\/le-millesime-2015\/#primaryimage\"},\"thumbnailUrl\":\"https:\/\/arjolle.com\/wp-content\/uploads\/2016\/02\/Mill\u00e9sime-2015.jpg\",\"articleSection\":[\"Le vignoble\"],\"inLanguage\":\"en-US\",\"potentialAction\":[{\"@type\":\"CommentAction\",\"name\":\"Comment\",\"target\":[\"https:\/\/arjolle.com\/en\/le-millesime-2015\/#respond\"]}]},{\"@type\":\"WebPage\",\"@id\":\"https:\/\/arjolle.com\/en\/le-millesime-2015\/\",\"url\":\"https:\/\/arjolle.com\/en\/le-millesime-2015\/\",\"name\":\"Le mill\u00e9sime 2015 - Domaine de l&#039;Arjolle - Caveau de d\u00e9gustation &amp; vente en ligne\",\"isPartOf\":{\"@id\":\"https:\/\/arjolle.com\/en\/#website\"},\"primaryImageOfPage\":{\"@id\":\"https:\/\/arjolle.com\/en\/le-millesime-2015\/#primaryimage\"},\"image\":{\"@id\":\"https:\/\/arjolle.com\/en\/le-millesime-2015\/#primaryimage\"},\"thumbnailUrl\":\"https:\/\/arjolle.com\/wp-content\/uploads\/2016\/02\/Mill\u00e9sime-2015.jpg\",\"datePublished\":\"2016-02-08T13:23:04+00:00\",\"dateModified\":\"2016-03-04T10:30:39+00:00\",\"breadcrumb\":{\"@id\":\"https:\/\/arjolle.com\/en\/le-millesime-2015\/#breadcrumb\"},\"inLanguage\":\"en-US\",\"potentialAction\":[{\"@type\":\"ReadAction\",\"target\":[\"https:\/\/arjolle.com\/en\/le-millesime-2015\/\"]}]},{\"@type\":\"ImageObject\",\"inLanguage\":\"en-US\",\"@id\":\"https:\/\/arjolle.com\/en\/le-millesime-2015\/#primaryimage\",\"url\":\"https:\/\/arjolle.com\/wp-content\/uploads\/2016\/02\/Mill\u00e9sime-2015.jpg\",\"contentUrl\":\"https:\/\/arjolle.com\/wp-content\/uploads\/2016\/02\/Mill\u00e9sime-2015.jpg\",\"width\":1037,\"height\":1037},{\"@type\":\"BreadcrumbList\",\"@id\":\"https:\/\/arjolle.com\/en\/le-millesime-2015\/#breadcrumb\",\"itemListElement\":[{\"@type\":\"ListItem\",\"position\":1,\"name\":\"Home\",\"item\":\"https:\/\/arjolle.com\/en\/\"},{\"@type\":\"ListItem\",\"position\":2,\"name\":\"Le mill\u00e9sime 2015\"}]},{\"@type\":\"WebSite\",\"@id\":\"https:\/\/arjolle.com\/en\/#website\",\"url\":\"https:\/\/arjolle.com\/en\/\",\"name\":\"Domaine de l'Arjolle - Caveau de d\u00e9gustation & vente en ligne\",\"description\":\"Le Domaine de l\u2019Arjolle est un pionnier en Languedoc en plantant des c\u00e9pages atypique.\",\"publisher\":{\"@id\":\"https:\/\/arjolle.com\/en\/#organization\"},\"potentialAction\":[{\"@type\":\"SearchAction\",\"target\":{\"@type\":\"EntryPoint\",\"urlTemplate\":\"https:\/\/arjolle.com\/en\/?s={search_term_string}\"},\"query-input\":{\"@type\":\"PropertyValueSpecification\",\"valueRequired\":true,\"valueName\":\"search_term_string\"}}],\"inLanguage\":\"en-US\"},{\"@type\":\"Organization\",\"@id\":\"https:\/\/arjolle.com\/en\/#organization\",\"name\":\"Domaine de l'Arjolle\",\"url\":\"https:\/\/arjolle.com\/en\/\",\"logo\":{\"@type\":\"ImageObject\",\"inLanguage\":\"en-US\",\"@id\":\"https:\/\/arjolle.com\/en\/#\/schema\/logo\/image\/\",\"url\":\"https:\/\/arjolle.com\/wp-content\/uploads\/2025\/11\/logo-domaine-arjolle-1-1.jpg\",\"contentUrl\":\"https:\/\/arjolle.com\/wp-content\/uploads\/2025\/11\/logo-domaine-arjolle-1-1.jpg\",\"width\":512,\"height\":512,\"caption\":\"Domaine de l'Arjolle\"},\"image\":{\"@id\":\"https:\/\/arjolle.com\/en\/#\/schema\/logo\/image\/\"},\"sameAs\":[\"https:\/\/www.facebook.com\/domainede.larjolle\/\",\"https:\/\/www.instagram.com\/domaine_arjolle\/\"]},{\"@type\":\"Person\",\"@id\":\"https:\/\/arjolle.com\/en\/#\/schema\/person\/1cbe5cf95d6d8472ef44c33b6b3bf126\",\"name\":\"Quentin Charlot\",\"image\":{\"@type\":\"ImageObject\",\"inLanguage\":\"en-US\",\"@id\":\"https:\/\/arjolle.com\/en\/#\/schema\/person\/image\/\",\"url\":\"https:\/\/secure.gravatar.com\/avatar\/b001a52e60e4b3a3900be61996bc8f74b5e68d3bc73657359176a67a32a190c7?s=96&d=mm&r=g\",\"contentUrl\":\"https:\/\/secure.gravatar.com\/avatar\/b001a52e60e4b3a3900be61996bc8f74b5e68d3bc73657359176a67a32a190c7?s=96&d=mm&r=g\",\"caption\":\"Quentin Charlot\"},\"sameAs\":[\"https:\/\/arjolle.com\/\",\"https:\/\/www.facebook.com\/arjolle\",\"https:\/\/x.com\/Arjolle\"],\"url\":\"https:\/\/arjolle.com\/en\/author\/juliette\/\"}]}<\/script>\n<!-- \/ Yoast SEO plugin. -->","yoast_head_json":{"title":"Le mill\u00e9sime 2015 - Domaine de l&#039;Arjolle - Caveau de d\u00e9gustation &amp; vente en ligne","robots":{"index":"index","follow":"follow","max-snippet":"max-snippet:-1","max-image-preview":"max-image-preview:large","max-video-preview":"max-video-preview:-1"},"canonical":"https:\/\/arjolle.com\/en\/le-millesime-2015\/","og_locale":"en_US","og_type":"article","og_title":"Le mill\u00e9sime 2015 - Domaine de l&#039;Arjolle - Caveau de d\u00e9gustation &amp; vente en ligne","og_description":"Le mill\u00e9sime 2015 au Domaine de l&#8217;Arjolle Le mill\u00e9sime 2015 marque le retour du climat languedocien\u00a0; en effet nous avons eu une ann\u00e9e dot\u00e9e de 4 belles saisons. \u00a0Avec un cumul pluviom\u00e9trique de 649 mm, l\u2019ann\u00e9e hydrologique 2014-15 est tr\u00e8s proche de la normale. Mais il faut noter que pr\u00e8s de la moiti\u00e9 de ces [&hellip;]","og_url":"https:\/\/arjolle.com\/en\/le-millesime-2015\/","og_site_name":"Domaine de l&#039;Arjolle - Caveau de d\u00e9gustation &amp; vente en ligne","article_publisher":"https:\/\/www.facebook.com\/domainede.larjolle\/","article_author":"https:\/\/www.facebook.com\/arjolle","article_published_time":"2016-02-08T13:23:04+00:00","article_modified_time":"2016-03-04T10:30:39+00:00","og_image":[{"width":1037,"height":1037,"url":"https:\/\/arjolle.com\/wp-content\/uploads\/2016\/02\/Mill\u00e9sime-2015.jpg","type":"image\/jpeg"}],"author":"Quentin Charlot","twitter_misc":{"Written by":"Quentin Charlot","Est. reading time":"4 minutes"},"schema":{"@context":"https:\/\/schema.org","@graph":[{"@type":"Article","@id":"https:\/\/arjolle.com\/en\/le-millesime-2015\/#article","isPartOf":{"@id":"https:\/\/arjolle.com\/en\/le-millesime-2015\/"},"author":{"name":"Quentin Charlot","@id":"https:\/\/arjolle.com\/en\/#\/schema\/person\/1cbe5cf95d6d8472ef44c33b6b3bf126"},"headline":"Le mill\u00e9sime 2015","datePublished":"2016-02-08T13:23:04+00:00","dateModified":"2016-03-04T10:30:39+00:00","mainEntityOfPage":{"@id":"https:\/\/arjolle.com\/en\/le-millesime-2015\/"},"wordCount":735,"commentCount":0,"publisher":{"@id":"https:\/\/arjolle.com\/en\/#organization"},"image":{"@id":"https:\/\/arjolle.com\/en\/le-millesime-2015\/#primaryimage"},"thumbnailUrl":"https:\/\/arjolle.com\/wp-content\/uploads\/2016\/02\/Mill\u00e9sime-2015.jpg","articleSection":["Le vignoble"],"inLanguage":"en-US","potentialAction":[{"@type":"CommentAction","name":"Comment","target":["https:\/\/arjolle.com\/en\/le-millesime-2015\/#respond"]}]},{"@type":"WebPage","@id":"https:\/\/arjolle.com\/en\/le-millesime-2015\/","url":"https:\/\/arjolle.com\/en\/le-millesime-2015\/","name":"Le mill\u00e9sime 2015 - Domaine de l&#039;Arjolle - Caveau de d\u00e9gustation &amp; vente en ligne","isPartOf":{"@id":"https:\/\/arjolle.com\/en\/#website"},"primaryImageOfPage":{"@id":"https:\/\/arjolle.com\/en\/le-millesime-2015\/#primaryimage"},"image":{"@id":"https:\/\/arjolle.com\/en\/le-millesime-2015\/#primaryimage"},"thumbnailUrl":"https:\/\/arjolle.com\/wp-content\/uploads\/2016\/02\/Mill\u00e9sime-2015.jpg","datePublished":"2016-02-08T13:23:04+00:00","dateModified":"2016-03-04T10:30:39+00:00","breadcrumb":{"@id":"https:\/\/arjolle.com\/en\/le-millesime-2015\/#breadcrumb"},"inLanguage":"en-US","potentialAction":[{"@type":"ReadAction","target":["https:\/\/arjolle.com\/en\/le-millesime-2015\/"]}]},{"@type":"ImageObject","inLanguage":"en-US","@id":"https:\/\/arjolle.com\/en\/le-millesime-2015\/#primaryimage","url":"https:\/\/arjolle.com\/wp-content\/uploads\/2016\/02\/Mill\u00e9sime-2015.jpg","contentUrl":"https:\/\/arjolle.com\/wp-content\/uploads\/2016\/02\/Mill\u00e9sime-2015.jpg","width":1037,"height":1037},{"@type":"BreadcrumbList","@id":"https:\/\/arjolle.com\/en\/le-millesime-2015\/#breadcrumb","itemListElement":[{"@type":"ListItem","position":1,"name":"Home","item":"https:\/\/arjolle.com\/en\/"},{"@type":"ListItem","position":2,"name":"Le mill\u00e9sime 2015"}]},{"@type":"WebSite","@id":"https:\/\/arjolle.com\/en\/#website","url":"https:\/\/arjolle.com\/en\/","name":"Domaine de l'Arjolle - Caveau de d\u00e9gustation & vente en ligne","description":"Le Domaine de l\u2019Arjolle est un pionnier en Languedoc en plantant des c\u00e9pages atypique.","publisher":{"@id":"https:\/\/arjolle.com\/en\/#organization"},"potentialAction":[{"@type":"SearchAction","target":{"@type":"EntryPoint","urlTemplate":"https:\/\/arjolle.com\/en\/?s={search_term_string}"},"query-input":{"@type":"PropertyValueSpecification","valueRequired":true,"valueName":"search_term_string"}}],"inLanguage":"en-US"},{"@type":"Organization","@id":"https:\/\/arjolle.com\/en\/#organization","name":"Domaine de l'Arjolle","url":"https:\/\/arjolle.com\/en\/","logo":{"@type":"ImageObject","inLanguage":"en-US","@id":"https:\/\/arjolle.com\/en\/#\/schema\/logo\/image\/","url":"https:\/\/arjolle.com\/wp-content\/uploads\/2025\/11\/logo-domaine-arjolle-1-1.jpg","contentUrl":"https:\/\/arjolle.com\/wp-content\/uploads\/2025\/11\/logo-domaine-arjolle-1-1.jpg","width":512,"height":512,"caption":"Domaine de l'Arjolle"},"image":{"@id":"https:\/\/arjolle.com\/en\/#\/schema\/logo\/image\/"},"sameAs":["https:\/\/www.facebook.com\/domainede.larjolle\/","https:\/\/www.instagram.com\/domaine_arjolle\/"]},{"@type":"Person","@id":"https:\/\/arjolle.com\/en\/#\/schema\/person\/1cbe5cf95d6d8472ef44c33b6b3bf126","name":"Quentin Charlot","image":{"@type":"ImageObject","inLanguage":"en-US","@id":"https:\/\/arjolle.com\/en\/#\/schema\/person\/image\/","url":"https:\/\/secure.gravatar.com\/avatar\/b001a52e60e4b3a3900be61996bc8f74b5e68d3bc73657359176a67a32a190c7?s=96&d=mm&r=g","contentUrl":"https:\/\/secure.gravatar.com\/avatar\/b001a52e60e4b3a3900be61996bc8f74b5e68d3bc73657359176a67a32a190c7?s=96&d=mm&r=g","caption":"Quentin Charlot"},"sameAs":["https:\/\/arjolle.com\/","https:\/\/www.facebook.com\/arjolle","https:\/\/x.com\/Arjolle"],"url":"https:\/\/arjolle.com\/en\/author\/juliette\/"}]}},"_links":{"self":[{"href":"https:\/\/arjolle.com\/en\/wp-json\/wp\/v2\/posts\/1634","targetHints":{"allow":["GET"]}}],"collection":[{"href":"https:\/\/arjolle.com\/en\/wp-json\/wp\/v2\/posts"}],"about":[{"href":"https:\/\/arjolle.com\/en\/wp-json\/wp\/v2\/types\/post"}],"author":[{"embeddable":true,"href":"https:\/\/arjolle.com\/en\/wp-json\/wp\/v2\/users\/3"}],"replies":[{"embeddable":true,"href":"https:\/\/arjolle.com\/en\/wp-json\/wp\/v2\/comments?post=1634"}],"version-history":[{"count":3,"href":"https:\/\/arjolle.com\/en\/wp-json\/wp\/v2\/posts\/1634\/revisions"}],"predecessor-version":[{"id":1683,"href":"https:\/\/arjolle.com\/en\/wp-json\/wp\/v2\/posts\/1634\/revisions\/1683"}],"wp:featuredmedia":[{"embeddable":true,"href":"https:\/\/arjolle.com\/en\/wp-json\/wp\/v2\/media\/1636"}],"wp:attachment":[{"href":"https:\/\/arjolle.com\/en\/wp-json\/wp\/v2\/media?parent=1634"}],"wp:term":[{"taxonomy":"category","embeddable":true,"href":"https:\/\/arjolle.com\/en\/wp-json\/wp\/v2\/categories?post=1634"},{"taxonomy":"post_tag","embeddable":true,"href":"https:\/\/arjolle.com\/en\/wp-json\/wp\/v2\/tags?post=1634"}],"curies":[{"name":"wp","href":"https:\/\/api.w.org\/{rel}","templated":true}]}}