{"id":2587,"date":"2018-10-25T12:51:15","date_gmt":"2018-10-25T12:51:15","guid":{"rendered":"https:\/\/arjolle.com\/?p=2587"},"modified":"2018-11-07T14:45:12","modified_gmt":"2018-11-07T14:45:12","slug":"carnet-de-vendanges-2018","status":"publish","type":"post","link":"https:\/\/arjolle.com\/en\/carnet-de-vendanges-2018\/","title":{"rendered":"Carnet de vendanges 2018"},"content":{"rendered":"<h1>2018 &#8211;\u00a0<strong>Un mill\u00e9sime de champion<\/strong><strong>\u00a0<\/strong><\/h1>\n<p><strong>Une s\u00e9quence r\u00e9colte qui commence\u00a0<\/strong><strong>mi-ao\u00fbt et finit mi-octobre.\u00a0<\/strong><strong>Rentrez dans l&#8217;histoire du mill\u00e9sime 2018 :<\/strong><\/p>\n<p>Aux infos, dans les journaux, sur internet&#8230; vous avez d\u00fb apprendre que les vendanges ont \u00e9t\u00e9\u00a0avanc\u00e9es cette ann\u00e9e\u00a0en Champagne, en Alsace, en Bourgogne et sans doute ailleurs.\u00a0Dans le Languedoc,\u00a0la date\u00a0se situe\u00a0\u00e0 peu pr\u00e8s au m\u00eame moment que les ann\u00e9es pr\u00e9c\u00e9dentes.<\/p>\n<p>A\u00a0l&#8217;Arjolle, c&#8217;est le<strong>\u00a0jeudi 16 Ao\u00fbt<\/strong>\u00a0que d\u00e9marre les vendanges. En premier, le Chardonnay, \u00e0 la main afin de s\u00e9lectionner les belles grappes compactes et ne laisser que les plus l\u00e2ches pour les cuv\u00e9es &#8220;derni\u00e8re cueillette&#8221; &amp; Equinoxe Chardonnay. Suite de la r\u00e9colte \u00e0 la machine, une semaine plus tard, avec le Muscat Petits Grains, le Sauvignon blanc et le c\u00e9page Viognier.<\/p>\n<div><img loading=\"lazy\" decoding=\"async\" class=\"size-medium wp-image-2608 aligncenter\" src=\"https:\/\/arjolle.com\/wp-content\/uploads\/2018\/10\/Image5-300x202.jpg\" alt=\"\" width=\"300\" height=\"202\" srcset=\"https:\/\/arjolle.com\/wp-content\/uploads\/2018\/10\/Image5-300x202.jpg 300w, https:\/\/arjolle.com\/wp-content\/uploads\/2018\/10\/Image5-768x517.jpg 768w, https:\/\/arjolle.com\/wp-content\/uploads\/2018\/10\/Image5-1024x689.jpg 1024w, https:\/\/arjolle.com\/wp-content\/uploads\/2018\/10\/Image5.jpg 1715w\" sizes=\"(max-width: 300px) 100vw, 300px\" \/><\/div>\n<div><\/div>\n<div>\n<p>Pendant que les s\u00e9cateurs cliquettent, heure apr\u00e8s heure, jour apr\u00e8s jour, Fran\u00e7ois naviguent dans les vignes, sentant le sol meuble l\u00e0 o\u00f9 l\u2019air due au labour a permi de diminuer l\u2019impact de l\u2019\u00e9t\u00e9 caniculaire.\u00a0C&#8217;est la p\u00e9riode o\u00f9 il faut &#8220;ressentir l\u2019esprit&#8221; du mill\u00e9sime.<\/p>\n<p><a href=\"https:\/\/arjolle.com\/wp-content\/uploads\/2018\/10\/Image2.jpg\"><img loading=\"lazy\" decoding=\"async\" class=\"size-medium wp-image-2606 aligncenter\" src=\"https:\/\/arjolle.com\/wp-content\/uploads\/2018\/10\/Image2-300x202.jpg\" alt=\"\" width=\"300\" height=\"202\" srcset=\"https:\/\/arjolle.com\/wp-content\/uploads\/2018\/10\/Image2-300x202.jpg 300w, https:\/\/arjolle.com\/wp-content\/uploads\/2018\/10\/Image2.jpg 629w\" sizes=\"(max-width: 300px) 100vw, 300px\" \/><\/a><\/p>\n<p>Sur la carte m\u00e9t\u00e9o d&#8217;Ao\u00fbt, le Languedoc est rouge abricot, on fr\u00f4le les 34 en fin de journ\u00e9e.\u00a0Apr\u00e8s les al\u00e9as climatiques du printemps pr\u00e9judiciables, Dame Nature s\u2019est montr\u00e9e g\u00e9n\u00e9reuse cet \u00e9t\u00e9, livrant un mois d\u2019Ao\u00fbt caract\u00e9ris\u00e9 par une chaleur persistante. Gr\u00e2ce au travail\u00a0formidable r\u00e9alis\u00e9 par toute l&#8217;\u00e9quipe vigne, les vignes sont belles, les raisins sains, la r\u00e9colte prometteuse sur tous les c\u00e9pages et les maladies sont contenues.<\/p>\n<p>A partir de Septembre, les choses s\u00e9rieuses commencent pour les ros\u00e9s et les rouges. Elles s\u2019annoncent tr\u00e8s bien.\u00a0Les grappes sont pleines, les grains gonfl\u00e9s alors qu\u2019il n\u2019a pas plu ou presque depuis quatre mois. Quel joli terroir! Mi-Septembre nous d\u00e9butons les vendanges des rouges (Syrah, Cabernet Franc, Grenache) pour le Ros\u00e9 et continuons, fin Septembre, cette fois \u00e0 la main avec la Syrah. Une vinification en <strong>mac\u00e9ration carbonique<\/strong> pour la cuv\u00e9e \u00c9quilibre.\u00a0La technique consiste \u00e0 mettre les grappes enti\u00e8res, non \u00e9rafl\u00e9es et non foul\u00e9es, dans une cuve herm\u00e9tique satur\u00e9e de dioxyde de carbone.\u00a0Il se produit alors une fermentation\u00a0intracellulaire.\u00a0L&#8217;utilisation de la mac\u00e9ration carbonique est int\u00e9ressante pour les caract\u00e9ristiques particuli\u00e8res qu&#8217;elle conf\u00e8re au vin; des ar\u00f4mes typiques de fruits frais, une coloration plus soutenue ou encore une baisse d\u2019acidit\u00e9.<\/p>\n<p><a href=\"https:\/\/arjolle.com\/wp-content\/uploads\/2018\/10\/Image4.jpg\"><img loading=\"lazy\" decoding=\"async\" class=\"size-medium wp-image-2607 aligncenter\" src=\"https:\/\/arjolle.com\/wp-content\/uploads\/2018\/10\/Image4-300x202.jpg\" alt=\"\" width=\"300\" height=\"202\" srcset=\"https:\/\/arjolle.com\/wp-content\/uploads\/2018\/10\/Image4-300x202.jpg 300w, https:\/\/arjolle.com\/wp-content\/uploads\/2018\/10\/Image4-768x517.jpg 768w, https:\/\/arjolle.com\/wp-content\/uploads\/2018\/10\/Image4-1024x689.jpg 1024w, https:\/\/arjolle.com\/wp-content\/uploads\/2018\/10\/Image4.jpg 1715w\" sizes=\"(max-width: 300px) 100vw, 300px\" \/><\/a><\/p>\n<p>La\u00a0p\u00e9riode &#8220;<em>dure&#8221;<\/em>\u00a0de l\u2019\u00e9t\u00e9 est derri\u00e8re nous : le\u00a0temps change, l\u2019air bien\u00a0plus frais le matin (10\u00b0C),\u00a0beau et chaud l&#8217;apr\u00e8s midi (27\u00b0C), une belle amplitude thermique. Climat m\u00e9diterran\u00e9en parfait pour une belle maturit\u00e9, donnant\u00a0un\u00a0<strong>excellent \u00e9quilibre sucre\/acide\u00a0<\/strong>prometteur pour la suite de la vinification.<\/p>\n<\/div>\n<div>\n<p>Cette ann\u00e9e, les conditions sont parfaites pour <strong>d\u00e9cider le jour id\u00e9al\u00a0des\u00a0vendanges<\/strong> de chacune des parcelles du domaine, sans que la m\u00e9t\u00e9o ou les maladies (ou le march\u00e9\u2026) ne le fasse pour nous.\u00a0Tr\u00e8s peu de gens imaginent le travail, la r\u00e9flexion, les h\u00e9sitations, les d\u00e9cisions qui sont en amont d\u2019un verre de vin que l\u2019on d\u00e9guste.<\/p>\n<p>Nous cl\u00f4turons le mois de Septembre par la vendange du Chardonnay pour la fameuse &#8220;derni\u00e8re cueillette&#8221;, cette cuv\u00e9e si sp\u00e9ciale&#8230; Si vous ne l&#8217;a connaissez pas encore, lien vers son article <a href=\"https:\/\/arjolle.com\/connaissez-derniere-cueillette-vin-oxydatif-de-larjolle\/\">ici<\/a> .<\/p>\n<p>Octobre,\u00a0le jour se l\u00e8ve de plus en plus tard : vous l\u2019avez remarqu\u00e9, c\u2019est l\u2019Automne. Les feuilles ne tombent pas encore, mais l\u2019\u00e9quinoxe est l\u00e0 et c&#8217;est l&#8217;heure de vendanger les derniers rouges ; Cabernet Sauvignon\/Franc &amp; Carm\u00e9n\u00e8re mais \u00e9galement la vendange tardive de Muscat Petits Grains. La maturit\u00e9 des grains nobles est magnifique. Les conditions s\u00e8ches du mois d\u2019Ao\u00fbt et de Septembre\u00a0ont bonifi\u00e9 la maturit\u00e9 du Muscat\u00a0<strong>pour une belle concentration des baies en sucre.<\/strong><\/p>\n<p><a href=\"https:\/\/arjolle.com\/wp-content\/uploads\/2018\/10\/Image8.jpg\"><img loading=\"lazy\" decoding=\"async\" class=\"size-medium wp-image-2611 aligncenter\" src=\"https:\/\/arjolle.com\/wp-content\/uploads\/2018\/10\/Image8-300x226.jpg\" alt=\"\" width=\"300\" height=\"226\" srcset=\"https:\/\/arjolle.com\/wp-content\/uploads\/2018\/10\/Image8-300x226.jpg 300w, https:\/\/arjolle.com\/wp-content\/uploads\/2018\/10\/Image8-768x580.jpg 768w, https:\/\/arjolle.com\/wp-content\/uploads\/2018\/10\/Image8-1024x773.jpg 1024w, https:\/\/arjolle.com\/wp-content\/uploads\/2018\/10\/Image8.jpg 1529w\" sizes=\"(max-width: 300px) 100vw, 300px\" \/><\/a><a href=\"https:\/\/arjolle.com\/wp-content\/uploads\/2018\/10\/Image7.jpg\"><img loading=\"lazy\" decoding=\"async\" class=\"size-medium wp-image-2610 aligncenter\" src=\"https:\/\/arjolle.com\/wp-content\/uploads\/2018\/10\/Image7-227x300.jpg\" alt=\"\" width=\"227\" height=\"300\" srcset=\"https:\/\/arjolle.com\/wp-content\/uploads\/2018\/10\/Image7-227x300.jpg 227w, https:\/\/arjolle.com\/wp-content\/uploads\/2018\/10\/Image7-768x1015.jpg 768w, https:\/\/arjolle.com\/wp-content\/uploads\/2018\/10\/Image7-775x1024.jpg 775w, https:\/\/arjolle.com\/wp-content\/uploads\/2018\/10\/Image7.jpg 873w\" sizes=\"(max-width: 227px) 100vw, 227px\" \/><\/a><\/p>\n<p>Ici, jusqu\u2019\u00e0 ce changement de saison, nous pouvons tout nous permettre, nous ne craignons rien ou presque. Apr\u00e8s, c\u2019est moins s\u00fbr et \u00e7a se confirme la deuxi\u00e8me semaine d&#8217;Octobre. M\u00e9t\u00e9o France annonce un joli \u00e9pisode de pluies. Il est urgent de se presser, mais\u2026 lentement.<\/p>\n<p><a href=\"https:\/\/arjolle.com\/wp-content\/uploads\/2018\/10\/Image18.jpg\"><img loading=\"lazy\" decoding=\"async\" class=\"alignnone size-medium wp-image-2621\" src=\"https:\/\/arjolle.com\/wp-content\/uploads\/2018\/10\/Image18-300x226.jpg\" alt=\"\" width=\"300\" height=\"226\" srcset=\"https:\/\/arjolle.com\/wp-content\/uploads\/2018\/10\/Image18-300x226.jpg 300w, https:\/\/arjolle.com\/wp-content\/uploads\/2018\/10\/Image18-768x580.jpg 768w, https:\/\/arjolle.com\/wp-content\/uploads\/2018\/10\/Image18-1024x773.jpg 1024w, https:\/\/arjolle.com\/wp-content\/uploads\/2018\/10\/Image18.jpg 1529w\" sizes=\"(max-width: 300px) 100vw, 300px\" \/>\u00a0<\/a><a href=\"https:\/\/arjolle.com\/wp-content\/uploads\/2018\/10\/Image17.jpg\"><img loading=\"lazy\" decoding=\"async\" class=\"alignnone size-medium wp-image-2620\" src=\"https:\/\/arjolle.com\/wp-content\/uploads\/2018\/10\/Image17-300x226.jpg\" alt=\"\" width=\"300\" height=\"226\" srcset=\"https:\/\/arjolle.com\/wp-content\/uploads\/2018\/10\/Image17-300x226.jpg 300w, https:\/\/arjolle.com\/wp-content\/uploads\/2018\/10\/Image17-768x580.jpg 768w, https:\/\/arjolle.com\/wp-content\/uploads\/2018\/10\/Image17-1024x773.jpg 1024w, https:\/\/arjolle.com\/wp-content\/uploads\/2018\/10\/Image17.jpg 1529w\" sizes=\"(max-width: 300px) 100vw, 300px\" \/><\/a><\/p>\n<p>Le 9 octobre, nous y sommes, dernier jour de vendanges et il pleut. C\u2019est l\u2019automne, sauf \u00e0 Paris, o\u00f9 c\u2019est encore l\u2019\u00e9t\u00e9, parait-il. Le dernier raisin rentr\u00e9, nous assistons \u00e0 un joli \u00e9pisode C\u00e9venol&#8230; Apr\u00e8s six mois de s\u00e9cheresse, cette pluie intense va apporter \u00e0 la nature et aux vignes, ce dont elles ont besoin.<\/p>\n<p><a href=\"https:\/\/arjolle.com\/wp-content\/uploads\/2018\/10\/Image10.jpg\"><img loading=\"lazy\" decoding=\"async\" class=\"size-medium wp-image-2613 aligncenter\" src=\"https:\/\/arjolle.com\/wp-content\/uploads\/2018\/10\/Image10-227x300.jpg\" alt=\"\" width=\"227\" height=\"300\" srcset=\"https:\/\/arjolle.com\/wp-content\/uploads\/2018\/10\/Image10-227x300.jpg 227w, https:\/\/arjolle.com\/wp-content\/uploads\/2018\/10\/Image10-768x1015.jpg 768w, https:\/\/arjolle.com\/wp-content\/uploads\/2018\/10\/Image10-775x1024.jpg 775w, https:\/\/arjolle.com\/wp-content\/uploads\/2018\/10\/Image10.jpg 873w\" sizes=\"(max-width: 227px) 100vw, 227px\" \/><\/a><\/p>\n<p>Maintenant place au travail en cave&#8230; La\u00a0d\u00e9gustation des premiers jus montre\u00a0<strong>un mill\u00e9sime qui se d\u00e9finit par son peps et une expression aromatique fantastique.\u00a0<\/strong>Ann\u00e9es en 8 comme 1998, chaude et solaire, annonce un mill\u00e9sime joyeux marqu\u00e9 par la victoire&#8230;<\/p>\n<div><a href=\"https:\/\/arjolle.com\/wp-content\/uploads\/2018\/10\/Image11.jpg\">\u00a0 \u00a0 \u00a0 \u00a0 \u00a0 \u00a0 \u00a0 \u00a0 \u00a0 \u00a0 \u00a0 \u00a0\u00a0<img loading=\"lazy\" decoding=\"async\" class=\"alignnone size-medium wp-image-2614\" src=\"https:\/\/arjolle.com\/wp-content\/uploads\/2018\/10\/Image11-227x300.jpg\" alt=\"\" width=\"227\" height=\"300\" srcset=\"https:\/\/arjolle.com\/wp-content\/uploads\/2018\/10\/Image11-227x300.jpg 227w, https:\/\/arjolle.com\/wp-content\/uploads\/2018\/10\/Image11-768x1015.jpg 768w, https:\/\/arjolle.com\/wp-content\/uploads\/2018\/10\/Image11-775x1024.jpg 775w, https:\/\/arjolle.com\/wp-content\/uploads\/2018\/10\/Image11.jpg 873w\" sizes=\"(max-width: 227px) 100vw, 227px\" \/><\/a> <a href=\"https:\/\/arjolle.com\/wp-content\/uploads\/2018\/10\/Image12.jpg\"><img loading=\"lazy\" decoding=\"async\" class=\"alignnone size-medium wp-image-2615\" src=\"https:\/\/arjolle.com\/wp-content\/uploads\/2018\/10\/Image12-227x300.jpg\" alt=\"\" width=\"227\" height=\"300\" srcset=\"https:\/\/arjolle.com\/wp-content\/uploads\/2018\/10\/Image12-227x300.jpg 227w, https:\/\/arjolle.com\/wp-content\/uploads\/2018\/10\/Image12-768x1015.jpg 768w, https:\/\/arjolle.com\/wp-content\/uploads\/2018\/10\/Image12-775x1024.jpg 775w, https:\/\/arjolle.com\/wp-content\/uploads\/2018\/10\/Image12.jpg 873w\" sizes=\"(max-width: 227px) 100vw, 227px\" \/><\/a><\/div>\n<p style=\"text-align: center;\">En attendant, mise en bouteille du mill\u00e9sime 2017 \u00e0 d\u00e9couvrir au caveau \ud83d\ude42<\/p>\n<p style=\"text-align: center;\">A bient\u00f4t, Les Arjollains<\/p>\n<\/div>\n<div><\/div>\n<div><\/div>\n","protected":false},"excerpt":{"rendered":"<p>2018 &#8211;\u00a0Un mill\u00e9sime de champion\u00a0 Une s\u00e9quence r\u00e9colte qui commence\u00a0mi-ao\u00fbt et finit mi-octobre.\u00a0Rentrez dans l&#8217;histoire du mill\u00e9sime 2018 : Aux infos, dans les journaux, sur internet&#8230; vous avez d\u00fb apprendre que les vendanges ont \u00e9t\u00e9\u00a0avanc\u00e9es cette ann\u00e9e\u00a0en Champagne, en Alsace, en Bourgogne et sans doute ailleurs.\u00a0Dans le Languedoc,\u00a0la date\u00a0se situe\u00a0\u00e0 peu pr\u00e8s au m\u00eame moment [&hellip;]<\/p>\n","protected":false},"author":3,"featured_media":2608,"comment_status":"open","ping_status":"open","sticky":false,"template":"","format":"standard","meta":{"footnotes":""},"categories":[98,4,1],"tags":[15,86,16,71,354,372,19,345,370,371,205,344,355,330,185,368,192,8,333,369,319],"class_list":["post-2587","post","type-post","status-publish","format-standard","has-post-thumbnail","hentry","category-larjolle-co-fr","category-le-vignoble","category-uncategorized","tag-arjolle","tag-cotes-de-thongue","tag-domaine-de-larjolle","tag-igp-cotes-de-thongue","tag-igp-sud-de-france","tag-il-est-comment-le-millesime-2018","tag-languedoc","tag-languedoc-roussillon","tag-les-arjollains","tag-les-vendanges","tag-millesime","tag-millesime-2018","tag-occitanie","tag-sud-de-france","tag-terra-vitis","tag-vendanges-2018","tag-vignoble","tag-vin","tag-vin-du-languedoc","tag-vin-du-sud","tag-viticulture-durable"],"yoast_head":"<!-- This site is optimized with the Yoast SEO plugin v27.1.1 - https:\/\/yoast.com\/product\/yoast-seo-wordpress\/ -->\n<title>Carnet de vendanges 2018 - Domaine de l&#039;Arjolle - Caveau de d\u00e9gustation &amp; vente en ligne<\/title>\n<meta name=\"robots\" content=\"index, follow, max-snippet:-1, max-image-preview:large, max-video-preview:-1\" \/>\n<link rel=\"canonical\" href=\"https:\/\/arjolle.com\/en\/carnet-de-vendanges-2018\/\" \/>\n<meta property=\"og:locale\" content=\"en_US\" \/>\n<meta property=\"og:type\" content=\"article\" \/>\n<meta property=\"og:title\" content=\"Carnet de vendanges 2018 - Domaine de l&#039;Arjolle - Caveau de d\u00e9gustation &amp; vente en ligne\" \/>\n<meta property=\"og:description\" content=\"2018 &#8211;\u00a0Un mill\u00e9sime de champion\u00a0 Une s\u00e9quence r\u00e9colte qui commence\u00a0mi-ao\u00fbt et finit mi-octobre.\u00a0Rentrez dans l&#8217;histoire du mill\u00e9sime 2018 : Aux infos, dans les journaux, sur internet&#8230; vous avez d\u00fb apprendre que les vendanges ont \u00e9t\u00e9\u00a0avanc\u00e9es cette ann\u00e9e\u00a0en Champagne, en Alsace, en Bourgogne et sans doute ailleurs.\u00a0Dans le Languedoc,\u00a0la date\u00a0se situe\u00a0\u00e0 peu pr\u00e8s au m\u00eame moment [&hellip;]\" \/>\n<meta property=\"og:url\" content=\"https:\/\/arjolle.com\/en\/carnet-de-vendanges-2018\/\" \/>\n<meta property=\"og:site_name\" content=\"Domaine de l&#039;Arjolle - Caveau de d\u00e9gustation &amp; vente en ligne\" \/>\n<meta property=\"article:publisher\" content=\"https:\/\/www.facebook.com\/domainede.larjolle\/\" \/>\n<meta property=\"article:author\" content=\"https:\/\/www.facebook.com\/arjolle\" \/>\n<meta property=\"article:published_time\" content=\"2018-10-25T12:51:15+00:00\" \/>\n<meta property=\"article:modified_time\" content=\"2018-11-07T14:45:12+00:00\" \/>\n<meta property=\"og:image\" content=\"https:\/\/arjolle.com\/wp-content\/uploads\/2018\/10\/Image5.jpg\" \/>\n\t<meta property=\"og:image:width\" content=\"1715\" \/>\n\t<meta property=\"og:image:height\" content=\"1154\" \/>\n\t<meta property=\"og:image:type\" content=\"image\/jpeg\" \/>\n<meta name=\"author\" content=\"Quentin Charlot\" \/>\n<meta name=\"twitter:label1\" content=\"Written by\" \/>\n\t<meta name=\"twitter:data1\" content=\"Quentin Charlot\" \/>\n\t<meta name=\"twitter:label2\" content=\"Est. reading time\" \/>\n\t<meta name=\"twitter:data2\" content=\"4 minutes\" \/>\n<script type=\"application\/ld+json\" class=\"yoast-schema-graph\">{\"@context\":\"https:\/\/schema.org\",\"@graph\":[{\"@type\":\"Article\",\"@id\":\"https:\/\/arjolle.com\/en\/carnet-de-vendanges-2018\/#article\",\"isPartOf\":{\"@id\":\"https:\/\/arjolle.com\/en\/carnet-de-vendanges-2018\/\"},\"author\":{\"name\":\"Quentin Charlot\",\"@id\":\"https:\/\/arjolle.com\/en\/#\/schema\/person\/1cbe5cf95d6d8472ef44c33b6b3bf126\"},\"headline\":\"Carnet de vendanges 2018\",\"datePublished\":\"2018-10-25T12:51:15+00:00\",\"dateModified\":\"2018-11-07T14:45:12+00:00\",\"mainEntityOfPage\":{\"@id\":\"https:\/\/arjolle.com\/en\/carnet-de-vendanges-2018\/\"},\"wordCount\":871,\"commentCount\":0,\"publisher\":{\"@id\":\"https:\/\/arjolle.com\/en\/#organization\"},\"image\":{\"@id\":\"https:\/\/arjolle.com\/en\/carnet-de-vendanges-2018\/#primaryimage\"},\"thumbnailUrl\":\"https:\/\/arjolle.com\/wp-content\/uploads\/2018\/10\/Image5.jpg\",\"keywords\":[\"arjolle\",\"cotes de thongue\",\"domaine de l'arjolle\",\"igp c\u00f4tes de thongue\",\"igp sud de france\",\"il est comment le mill\u00e9sime 2018\",\"languedoc\",\"languedoc roussillon\",\"les arjollains\",\"les vendanges\",\"mill\u00e9sime\",\"mill\u00e9sime 2018\",\"occitanie\",\"sud de france\",\"terra vitis\",\"vendanges 2018\",\"vignoble\",\"vin\",\"vin du languedoc\",\"vin du sud\",\"viticulture durable\"],\"articleSection\":[\"L'Arjolle &amp; Compagnie\",\"Le vignoble\"],\"inLanguage\":\"en-US\",\"potentialAction\":[{\"@type\":\"CommentAction\",\"name\":\"Comment\",\"target\":[\"https:\/\/arjolle.com\/en\/carnet-de-vendanges-2018\/#respond\"]}]},{\"@type\":\"WebPage\",\"@id\":\"https:\/\/arjolle.com\/en\/carnet-de-vendanges-2018\/\",\"url\":\"https:\/\/arjolle.com\/en\/carnet-de-vendanges-2018\/\",\"name\":\"Carnet de vendanges 2018 - Domaine de l&#039;Arjolle - Caveau de d\u00e9gustation &amp; vente en ligne\",\"isPartOf\":{\"@id\":\"https:\/\/arjolle.com\/en\/#website\"},\"primaryImageOfPage\":{\"@id\":\"https:\/\/arjolle.com\/en\/carnet-de-vendanges-2018\/#primaryimage\"},\"image\":{\"@id\":\"https:\/\/arjolle.com\/en\/carnet-de-vendanges-2018\/#primaryimage\"},\"thumbnailUrl\":\"https:\/\/arjolle.com\/wp-content\/uploads\/2018\/10\/Image5.jpg\",\"datePublished\":\"2018-10-25T12:51:15+00:00\",\"dateModified\":\"2018-11-07T14:45:12+00:00\",\"breadcrumb\":{\"@id\":\"https:\/\/arjolle.com\/en\/carnet-de-vendanges-2018\/#breadcrumb\"},\"inLanguage\":\"en-US\",\"potentialAction\":[{\"@type\":\"ReadAction\",\"target\":[\"https:\/\/arjolle.com\/en\/carnet-de-vendanges-2018\/\"]}]},{\"@type\":\"ImageObject\",\"inLanguage\":\"en-US\",\"@id\":\"https:\/\/arjolle.com\/en\/carnet-de-vendanges-2018\/#primaryimage\",\"url\":\"https:\/\/arjolle.com\/wp-content\/uploads\/2018\/10\/Image5.jpg\",\"contentUrl\":\"https:\/\/arjolle.com\/wp-content\/uploads\/2018\/10\/Image5.jpg\",\"width\":1715,\"height\":1154},{\"@type\":\"BreadcrumbList\",\"@id\":\"https:\/\/arjolle.com\/en\/carnet-de-vendanges-2018\/#breadcrumb\",\"itemListElement\":[{\"@type\":\"ListItem\",\"position\":1,\"name\":\"Home\",\"item\":\"https:\/\/arjolle.com\/en\/\"},{\"@type\":\"ListItem\",\"position\":2,\"name\":\"Carnet de vendanges 2018\"}]},{\"@type\":\"WebSite\",\"@id\":\"https:\/\/arjolle.com\/en\/#website\",\"url\":\"https:\/\/arjolle.com\/en\/\",\"name\":\"Domaine de l'Arjolle - Caveau de d\u00e9gustation & vente en ligne\",\"description\":\"Le Domaine de l\u2019Arjolle est un pionnier en Languedoc en plantant des c\u00e9pages atypique.\",\"publisher\":{\"@id\":\"https:\/\/arjolle.com\/en\/#organization\"},\"potentialAction\":[{\"@type\":\"SearchAction\",\"target\":{\"@type\":\"EntryPoint\",\"urlTemplate\":\"https:\/\/arjolle.com\/en\/?s={search_term_string}\"},\"query-input\":{\"@type\":\"PropertyValueSpecification\",\"valueRequired\":true,\"valueName\":\"search_term_string\"}}],\"inLanguage\":\"en-US\"},{\"@type\":\"Organization\",\"@id\":\"https:\/\/arjolle.com\/en\/#organization\",\"name\":\"Domaine de l'Arjolle\",\"url\":\"https:\/\/arjolle.com\/en\/\",\"logo\":{\"@type\":\"ImageObject\",\"inLanguage\":\"en-US\",\"@id\":\"https:\/\/arjolle.com\/en\/#\/schema\/logo\/image\/\",\"url\":\"https:\/\/arjolle.com\/wp-content\/uploads\/2025\/11\/logo-domaine-arjolle-1-1.jpg\",\"contentUrl\":\"https:\/\/arjolle.com\/wp-content\/uploads\/2025\/11\/logo-domaine-arjolle-1-1.jpg\",\"width\":512,\"height\":512,\"caption\":\"Domaine de l'Arjolle\"},\"image\":{\"@id\":\"https:\/\/arjolle.com\/en\/#\/schema\/logo\/image\/\"},\"sameAs\":[\"https:\/\/www.facebook.com\/domainede.larjolle\/\",\"https:\/\/www.instagram.com\/domaine_arjolle\/\"]},{\"@type\":\"Person\",\"@id\":\"https:\/\/arjolle.com\/en\/#\/schema\/person\/1cbe5cf95d6d8472ef44c33b6b3bf126\",\"name\":\"Quentin Charlot\",\"image\":{\"@type\":\"ImageObject\",\"inLanguage\":\"en-US\",\"@id\":\"https:\/\/arjolle.com\/en\/#\/schema\/person\/image\/\",\"url\":\"https:\/\/secure.gravatar.com\/avatar\/b001a52e60e4b3a3900be61996bc8f74b5e68d3bc73657359176a67a32a190c7?s=96&d=mm&r=g\",\"contentUrl\":\"https:\/\/secure.gravatar.com\/avatar\/b001a52e60e4b3a3900be61996bc8f74b5e68d3bc73657359176a67a32a190c7?s=96&d=mm&r=g\",\"caption\":\"Quentin Charlot\"},\"sameAs\":[\"https:\/\/arjolle.com\/\",\"https:\/\/www.facebook.com\/arjolle\",\"https:\/\/x.com\/Arjolle\"],\"url\":\"https:\/\/arjolle.com\/en\/author\/juliette\/\"}]}<\/script>\n<!-- \/ Yoast SEO plugin. -->","yoast_head_json":{"title":"Carnet de vendanges 2018 - Domaine de l&#039;Arjolle - Caveau de d\u00e9gustation &amp; vente en ligne","robots":{"index":"index","follow":"follow","max-snippet":"max-snippet:-1","max-image-preview":"max-image-preview:large","max-video-preview":"max-video-preview:-1"},"canonical":"https:\/\/arjolle.com\/en\/carnet-de-vendanges-2018\/","og_locale":"en_US","og_type":"article","og_title":"Carnet de vendanges 2018 - Domaine de l&#039;Arjolle - Caveau de d\u00e9gustation &amp; vente en ligne","og_description":"2018 &#8211;\u00a0Un mill\u00e9sime de champion\u00a0 Une s\u00e9quence r\u00e9colte qui commence\u00a0mi-ao\u00fbt et finit mi-octobre.\u00a0Rentrez dans l&#8217;histoire du mill\u00e9sime 2018 : Aux infos, dans les journaux, sur internet&#8230; vous avez d\u00fb apprendre que les vendanges ont \u00e9t\u00e9\u00a0avanc\u00e9es cette ann\u00e9e\u00a0en Champagne, en Alsace, en Bourgogne et sans doute ailleurs.\u00a0Dans le Languedoc,\u00a0la date\u00a0se situe\u00a0\u00e0 peu pr\u00e8s au m\u00eame moment [&hellip;]","og_url":"https:\/\/arjolle.com\/en\/carnet-de-vendanges-2018\/","og_site_name":"Domaine de l&#039;Arjolle - Caveau de d\u00e9gustation &amp; vente en ligne","article_publisher":"https:\/\/www.facebook.com\/domainede.larjolle\/","article_author":"https:\/\/www.facebook.com\/arjolle","article_published_time":"2018-10-25T12:51:15+00:00","article_modified_time":"2018-11-07T14:45:12+00:00","og_image":[{"width":1715,"height":1154,"url":"https:\/\/arjolle.com\/wp-content\/uploads\/2018\/10\/Image5.jpg","type":"image\/jpeg"}],"author":"Quentin Charlot","twitter_misc":{"Written by":"Quentin Charlot","Est. reading time":"4 minutes"},"schema":{"@context":"https:\/\/schema.org","@graph":[{"@type":"Article","@id":"https:\/\/arjolle.com\/en\/carnet-de-vendanges-2018\/#article","isPartOf":{"@id":"https:\/\/arjolle.com\/en\/carnet-de-vendanges-2018\/"},"author":{"name":"Quentin Charlot","@id":"https:\/\/arjolle.com\/en\/#\/schema\/person\/1cbe5cf95d6d8472ef44c33b6b3bf126"},"headline":"Carnet de vendanges 2018","datePublished":"2018-10-25T12:51:15+00:00","dateModified":"2018-11-07T14:45:12+00:00","mainEntityOfPage":{"@id":"https:\/\/arjolle.com\/en\/carnet-de-vendanges-2018\/"},"wordCount":871,"commentCount":0,"publisher":{"@id":"https:\/\/arjolle.com\/en\/#organization"},"image":{"@id":"https:\/\/arjolle.com\/en\/carnet-de-vendanges-2018\/#primaryimage"},"thumbnailUrl":"https:\/\/arjolle.com\/wp-content\/uploads\/2018\/10\/Image5.jpg","keywords":["arjolle","cotes de thongue","domaine de l'arjolle","igp c\u00f4tes de thongue","igp sud de france","il est comment le mill\u00e9sime 2018","languedoc","languedoc roussillon","les arjollains","les vendanges","mill\u00e9sime","mill\u00e9sime 2018","occitanie","sud de france","terra vitis","vendanges 2018","vignoble","vin","vin du languedoc","vin du sud","viticulture durable"],"articleSection":["L'Arjolle &amp; Compagnie","Le vignoble"],"inLanguage":"en-US","potentialAction":[{"@type":"CommentAction","name":"Comment","target":["https:\/\/arjolle.com\/en\/carnet-de-vendanges-2018\/#respond"]}]},{"@type":"WebPage","@id":"https:\/\/arjolle.com\/en\/carnet-de-vendanges-2018\/","url":"https:\/\/arjolle.com\/en\/carnet-de-vendanges-2018\/","name":"Carnet de vendanges 2018 - Domaine de l&#039;Arjolle - Caveau de d\u00e9gustation &amp; vente en ligne","isPartOf":{"@id":"https:\/\/arjolle.com\/en\/#website"},"primaryImageOfPage":{"@id":"https:\/\/arjolle.com\/en\/carnet-de-vendanges-2018\/#primaryimage"},"image":{"@id":"https:\/\/arjolle.com\/en\/carnet-de-vendanges-2018\/#primaryimage"},"thumbnailUrl":"https:\/\/arjolle.com\/wp-content\/uploads\/2018\/10\/Image5.jpg","datePublished":"2018-10-25T12:51:15+00:00","dateModified":"2018-11-07T14:45:12+00:00","breadcrumb":{"@id":"https:\/\/arjolle.com\/en\/carnet-de-vendanges-2018\/#breadcrumb"},"inLanguage":"en-US","potentialAction":[{"@type":"ReadAction","target":["https:\/\/arjolle.com\/en\/carnet-de-vendanges-2018\/"]}]},{"@type":"ImageObject","inLanguage":"en-US","@id":"https:\/\/arjolle.com\/en\/carnet-de-vendanges-2018\/#primaryimage","url":"https:\/\/arjolle.com\/wp-content\/uploads\/2018\/10\/Image5.jpg","contentUrl":"https:\/\/arjolle.com\/wp-content\/uploads\/2018\/10\/Image5.jpg","width":1715,"height":1154},{"@type":"BreadcrumbList","@id":"https:\/\/arjolle.com\/en\/carnet-de-vendanges-2018\/#breadcrumb","itemListElement":[{"@type":"ListItem","position":1,"name":"Home","item":"https:\/\/arjolle.com\/en\/"},{"@type":"ListItem","position":2,"name":"Carnet de vendanges 2018"}]},{"@type":"WebSite","@id":"https:\/\/arjolle.com\/en\/#website","url":"https:\/\/arjolle.com\/en\/","name":"Domaine de l'Arjolle - Caveau de d\u00e9gustation & vente en ligne","description":"Le Domaine de l\u2019Arjolle est un pionnier en Languedoc en plantant des c\u00e9pages atypique.","publisher":{"@id":"https:\/\/arjolle.com\/en\/#organization"},"potentialAction":[{"@type":"SearchAction","target":{"@type":"EntryPoint","urlTemplate":"https:\/\/arjolle.com\/en\/?s={search_term_string}"},"query-input":{"@type":"PropertyValueSpecification","valueRequired":true,"valueName":"search_term_string"}}],"inLanguage":"en-US"},{"@type":"Organization","@id":"https:\/\/arjolle.com\/en\/#organization","name":"Domaine de l'Arjolle","url":"https:\/\/arjolle.com\/en\/","logo":{"@type":"ImageObject","inLanguage":"en-US","@id":"https:\/\/arjolle.com\/en\/#\/schema\/logo\/image\/","url":"https:\/\/arjolle.com\/wp-content\/uploads\/2025\/11\/logo-domaine-arjolle-1-1.jpg","contentUrl":"https:\/\/arjolle.com\/wp-content\/uploads\/2025\/11\/logo-domaine-arjolle-1-1.jpg","width":512,"height":512,"caption":"Domaine de l'Arjolle"},"image":{"@id":"https:\/\/arjolle.com\/en\/#\/schema\/logo\/image\/"},"sameAs":["https:\/\/www.facebook.com\/domainede.larjolle\/","https:\/\/www.instagram.com\/domaine_arjolle\/"]},{"@type":"Person","@id":"https:\/\/arjolle.com\/en\/#\/schema\/person\/1cbe5cf95d6d8472ef44c33b6b3bf126","name":"Quentin Charlot","image":{"@type":"ImageObject","inLanguage":"en-US","@id":"https:\/\/arjolle.com\/en\/#\/schema\/person\/image\/","url":"https:\/\/secure.gravatar.com\/avatar\/b001a52e60e4b3a3900be61996bc8f74b5e68d3bc73657359176a67a32a190c7?s=96&d=mm&r=g","contentUrl":"https:\/\/secure.gravatar.com\/avatar\/b001a52e60e4b3a3900be61996bc8f74b5e68d3bc73657359176a67a32a190c7?s=96&d=mm&r=g","caption":"Quentin Charlot"},"sameAs":["https:\/\/arjolle.com\/","https:\/\/www.facebook.com\/arjolle","https:\/\/x.com\/Arjolle"],"url":"https:\/\/arjolle.com\/en\/author\/juliette\/"}]}},"_links":{"self":[{"href":"https:\/\/arjolle.com\/en\/wp-json\/wp\/v2\/posts\/2587","targetHints":{"allow":["GET"]}}],"collection":[{"href":"https:\/\/arjolle.com\/en\/wp-json\/wp\/v2\/posts"}],"about":[{"href":"https:\/\/arjolle.com\/en\/wp-json\/wp\/v2\/types\/post"}],"author":[{"embeddable":true,"href":"https:\/\/arjolle.com\/en\/wp-json\/wp\/v2\/users\/3"}],"replies":[{"embeddable":true,"href":"https:\/\/arjolle.com\/en\/wp-json\/wp\/v2\/comments?post=2587"}],"version-history":[{"count":18,"href":"https:\/\/arjolle.com\/en\/wp-json\/wp\/v2\/posts\/2587\/revisions"}],"predecessor-version":[{"id":2654,"href":"https:\/\/arjolle.com\/en\/wp-json\/wp\/v2\/posts\/2587\/revisions\/2654"}],"wp:featuredmedia":[{"embeddable":true,"href":"https:\/\/arjolle.com\/en\/wp-json\/wp\/v2\/media\/2608"}],"wp:attachment":[{"href":"https:\/\/arjolle.com\/en\/wp-json\/wp\/v2\/media?parent=2587"}],"wp:term":[{"taxonomy":"category","embeddable":true,"href":"https:\/\/arjolle.com\/en\/wp-json\/wp\/v2\/categories?post=2587"},{"taxonomy":"post_tag","embeddable":true,"href":"https:\/\/arjolle.com\/en\/wp-json\/wp\/v2\/tags?post=2587"}],"curies":[{"name":"wp","href":"https:\/\/api.w.org\/{rel}","templated":true}]}}